{"id":123,"date":"2025-07-14T16:27:08","date_gmt":"2025-07-14T14:27:08","guid":{"rendered":"https:\/\/dlf.uzh.ch\/sites\/memoriasdelaesclavitud\/?p=123"},"modified":"2025-08-26T12:54:16","modified_gmt":"2025-08-26T10:54:16","slug":"odette-casamyor","status":"publish","type":"post","link":"https:\/\/dlf.uzh.ch\/sites\/memoriasdelaesclavitud\/2025\/07\/14\/odette-casamyor\/","title":{"rendered":"Odette Casamayor-Cisneros"},"content":{"rendered":"\n<p><strong><mark style=\"background-color:#fffdf9;color:#e04a14\" class=\"has-inline-color\">Odette Casamayor-Cisneros<\/mark><\/strong> es profesora de estudios culturales latinoamericanos, caribe\u00f1os y latinos en la Universidad de Pensilvania, en los Estados Unidos. Es autora de <em>Utop\u00eda, distop\u00eda e ingravidez: Reconfiguraciones cosmol\u00f3gicas en la narrativa postsovi\u00e9tica cubana<\/em>\u00a0y de la colecci\u00f3n de cuentos <em>Una casa en los Catskills<\/em>. Su pr\u00f3ximo libro de no ficci\u00f3n creativa, <em>In Black Ink: Writings from the Flesh of a Black Cuban Woman<\/em>, ofrece una exploraci\u00f3n \u00edntima de la experiencia femenina negra y la identidad diasp\u00f3rica en el panorama global actual.<br>Doctora en Artes y Letras por la \u00c9cole des Hautes \u00c9tudes en Sciences Sociales (EHESS) de Par\u00eds y licenciada en Periodismo por la Universidad de La Habana, su trabajo acad\u00e9mico, literario y period\u00edstico ha aparecido en publicaciones como <em>Small Axe<\/em>, <em>Transition<\/em>, <em>Latin American and Caribbean Ethnic Studies<\/em>, <em>Cuban Studies<\/em>, <em>Bulletin of Latin American Research<\/em>, <em>Zum. Revista de Fotograf\u00eda<\/em>\u00a0y <em>Cahiers d&#8217;\u00e9tudes africaines<\/em>.<br>Ha sido beneficiaria de prestigiosas becas de la Fundaci\u00f3n Rockefeller, la UNESCO y la Universidad de Harvard. Sus contribuciones transdisciplinarias han recibido reconocimiento internacional, incluyendo el Premio \u00abJuan Rulfo\u00bb de Cuento de Radio France International y el Premio \u00abJos\u00e9 Juan Arrom\u00bb de Ensayo Literario en La Habana.<\/p>\n\n\n\n<p><\/p>\n\n\n\n<p><\/p>\n","protected":false},"excerpt":{"rendered":"<p>Odette Casamayor-Cisneros es profesora de estudios culturales latinoamericanos, caribe\u00f1os y latinos en la Universidad de Pensilvania, en los Estados Unidos. Es autora de Utop\u00eda, distop\u00eda e ingravidez: Reconfiguraciones cosmol\u00f3gicas en la narrativa postsovi\u00e9tica cubana\u00a0y de la colecci\u00f3n de cuentos Una casa en los Catskills. Su pr\u00f3ximo libro de no ficci\u00f3n creativa, In Black Ink: Writings&hellip; <a class=\"more-link\" href=\"https:\/\/dlf.uzh.ch\/sites\/memoriasdelaesclavitud\/2025\/07\/14\/odette-casamyor\/\">Read More <span class=\"screen-reader-text\">Odette Casamayor-Cisneros<\/span><\/a><\/p>\n","protected":false},"author":967,"featured_media":0,"comment_status":"open","ping_status":"open","sticky":false,"template":"","format":"standard","meta":{"_uag_custom_page_level_css":"","footnotes":""},"categories":[1],"tags":[],"class_list":["post-123","post","type-post","status-publish","format-standard","hentry","category-uncategorized"],"uagb_featured_image_src":{"full":false,"thumbnail":false,"medium":false,"medium_large":false,"large":false,"1536x1536":false,"2048x2048":false,"cerauno-home":false,"cerauno-header":false,"cerauno-site-logo":false},"uagb_author_info":{"display_name":"sohoff","author_link":"https:\/\/dlf.uzh.ch\/sites\/memoriasdelaesclavitud\/author\/sohoff\/"},"uagb_comment_info":0,"uagb_excerpt":"Odette Casamayor-Cisneros es profesora de estudios culturales latinoamericanos, caribe\u00f1os y latinos en la Universidad de Pensilvania, en los Estados Unidos. Es autora de Utop\u00eda, distop\u00eda e ingravidez: Reconfiguraciones cosmol\u00f3gicas en la narrativa postsovi\u00e9tica cubana\u00a0y de la colecci\u00f3n de cuentos Una casa en los Catskills. Su pr\u00f3ximo libro de no ficci\u00f3n creativa, In Black Ink: Writings&hellip;&hellip;","_links":{"self":[{"href":"https:\/\/dlf.uzh.ch\/sites\/memoriasdelaesclavitud\/wp-json\/wp\/v2\/posts\/123","targetHints":{"allow":["GET"]}}],"collection":[{"href":"https:\/\/dlf.uzh.ch\/sites\/memoriasdelaesclavitud\/wp-json\/wp\/v2\/posts"}],"about":[{"href":"https:\/\/dlf.uzh.ch\/sites\/memoriasdelaesclavitud\/wp-json\/wp\/v2\/types\/post"}],"author":[{"embeddable":true,"href":"https:\/\/dlf.uzh.ch\/sites\/memoriasdelaesclavitud\/wp-json\/wp\/v2\/users\/967"}],"replies":[{"embeddable":true,"href":"https:\/\/dlf.uzh.ch\/sites\/memoriasdelaesclavitud\/wp-json\/wp\/v2\/comments?post=123"}],"version-history":[{"count":6,"href":"https:\/\/dlf.uzh.ch\/sites\/memoriasdelaesclavitud\/wp-json\/wp\/v2\/posts\/123\/revisions"}],"predecessor-version":[{"id":471,"href":"https:\/\/dlf.uzh.ch\/sites\/memoriasdelaesclavitud\/wp-json\/wp\/v2\/posts\/123\/revisions\/471"}],"wp:attachment":[{"href":"https:\/\/dlf.uzh.ch\/sites\/memoriasdelaesclavitud\/wp-json\/wp\/v2\/media?parent=123"}],"wp:term":[{"taxonomy":"category","embeddable":true,"href":"https:\/\/dlf.uzh.ch\/sites\/memoriasdelaesclavitud\/wp-json\/wp\/v2\/categories?post=123"},{"taxonomy":"post_tag","embeddable":true,"href":"https:\/\/dlf.uzh.ch\/sites\/memoriasdelaesclavitud\/wp-json\/wp\/v2\/tags?post=123"}],"curies":[{"name":"wp","href":"https:\/\/api.w.org\/{rel}","templated":true}]}}