{"id":121,"date":"2025-07-14T16:27:08","date_gmt":"2025-07-14T14:27:08","guid":{"rendered":"https:\/\/dlf.uzh.ch\/sites\/memoriasdelaesclavitud\/?p=121"},"modified":"2025-09-04T12:14:33","modified_gmt":"2025-09-04T10:14:33","slug":"imilcy-balboa-navarro","status":"publish","type":"post","link":"https:\/\/dlf.uzh.ch\/sites\/memoriasdelaesclavitud\/2025\/07\/14\/imilcy-balboa-navarro\/","title":{"rendered":"Imilcy Balboa Navarro"},"content":{"rendered":"\n<p><strong><mark style=\"background-color:#fffdf9;color:#e04a14\" class=\"has-inline-color\">Imilcy Balboa Navarro<\/mark><\/strong> es Catedr\u00e1tica de Historia Contempor\u00e1nea de la Universitat Jaume I. Miembro del Grupo I+D Historia Social Comparada (Asociado a CLACSO \/\/ Unidad Asociada al CSIC) y miembro de la C\u00e1tedra UNESCO de esclavitudes y afrodescendencia (UJI). Entre las publicaciones m\u00e1s importantes: es autora de <em>Los brazos necesarios. Inmigraci\u00f3n, colonizaci\u00f3n y trabajo libre en Cuba, 1878-1898<\/em> (2000); <em>La protesta rural en Cuba. Resistencia cotidiana, bandolerismo y revoluci\u00f3n, 1878-1902<\/em> (2003) y <em>De los dominios del rey al imperio de la propiedad privada. Estructura y tenencia de la tierra en Cuba<\/em> (siglos XVI-XIX) (2013). Es adem\u00e1s coeditora de <em>Gente de color entre esclavos<\/em> (2019) y <em>Esclavitud y legado afrodescendiente en el tr\u00f3pico<\/em> (2020). Ha participado, entre otras en las obras colectivas: <em>Az\u00facar y esclavitud en el Caribe en el final del trabajo forzado <\/em>(2002); <em>Trabajo libre y coactivo en sociedades de plantaci\u00f3n<\/em> (2009) y <em>State of Ambiguity: Civic Life and Culture in Cuba&#8217;s First Republic<\/em> (2014);<em> Orden pol\u00edtico y gobierno de esclavos. Cuba en la \u00e9poca de la segunda esclavitud y su legado <\/em>(2016); <em>Los chinos de ultramar: represiones, resistencias y resiliencias <\/em>(2021);<em> Los m\u00e1rgenes de la esclavitud: resistencia, control y abolici\u00f3n en el Caribe y Am\u00e9rica Latina <\/em>(2021).\u00a0\u00a0<\/p>\n","protected":false},"excerpt":{"rendered":"<p>Imilcy Balboa Navarro es Catedr\u00e1tica de Historia Contempor\u00e1nea de la Universitat Jaume I. Miembro del Grupo I+D Historia Social Comparada (Asociado a CLACSO \/\/ Unidad Asociada al CSIC) y miembro de la C\u00e1tedra UNESCO de esclavitudes y afrodescendencia (UJI). Entre las publicaciones m\u00e1s importantes: es autora de Los brazos necesarios. Inmigraci\u00f3n, colonizaci\u00f3n y trabajo libre&hellip; <a class=\"more-link\" href=\"https:\/\/dlf.uzh.ch\/sites\/memoriasdelaesclavitud\/2025\/07\/14\/imilcy-balboa-navarro\/\">Read More <span class=\"screen-reader-text\">Imilcy Balboa Navarro<\/span><\/a><\/p>\n","protected":false},"author":967,"featured_media":0,"comment_status":"open","ping_status":"open","sticky":false,"template":"","format":"standard","meta":{"_uag_custom_page_level_css":"","footnotes":""},"categories":[1],"tags":[],"class_list":["post-121","post","type-post","status-publish","format-standard","hentry","category-uncategorized"],"uagb_featured_image_src":{"full":false,"thumbnail":false,"medium":false,"medium_large":false,"large":false,"1536x1536":false,"2048x2048":false,"cerauno-home":false,"cerauno-header":false,"cerauno-site-logo":false},"uagb_author_info":{"display_name":"sohoff","author_link":"https:\/\/dlf.uzh.ch\/sites\/memoriasdelaesclavitud\/author\/sohoff\/"},"uagb_comment_info":0,"uagb_excerpt":"Imilcy Balboa Navarro es Catedr\u00e1tica de Historia Contempor\u00e1nea de la Universitat Jaume I. Miembro del Grupo I+D Historia Social Comparada (Asociado a CLACSO \/\/ Unidad Asociada al CSIC) y miembro de la C\u00e1tedra UNESCO de esclavitudes y afrodescendencia (UJI). Entre las publicaciones m\u00e1s importantes: es autora de Los brazos necesarios. Inmigraci\u00f3n, colonizaci\u00f3n y trabajo libre&hellip;&hellip;","_links":{"self":[{"href":"https:\/\/dlf.uzh.ch\/sites\/memoriasdelaesclavitud\/wp-json\/wp\/v2\/posts\/121","targetHints":{"allow":["GET"]}}],"collection":[{"href":"https:\/\/dlf.uzh.ch\/sites\/memoriasdelaesclavitud\/wp-json\/wp\/v2\/posts"}],"about":[{"href":"https:\/\/dlf.uzh.ch\/sites\/memoriasdelaesclavitud\/wp-json\/wp\/v2\/types\/post"}],"author":[{"embeddable":true,"href":"https:\/\/dlf.uzh.ch\/sites\/memoriasdelaesclavitud\/wp-json\/wp\/v2\/users\/967"}],"replies":[{"embeddable":true,"href":"https:\/\/dlf.uzh.ch\/sites\/memoriasdelaesclavitud\/wp-json\/wp\/v2\/comments?post=121"}],"version-history":[{"count":4,"href":"https:\/\/dlf.uzh.ch\/sites\/memoriasdelaesclavitud\/wp-json\/wp\/v2\/posts\/121\/revisions"}],"predecessor-version":[{"id":598,"href":"https:\/\/dlf.uzh.ch\/sites\/memoriasdelaesclavitud\/wp-json\/wp\/v2\/posts\/121\/revisions\/598"}],"wp:attachment":[{"href":"https:\/\/dlf.uzh.ch\/sites\/memoriasdelaesclavitud\/wp-json\/wp\/v2\/media?parent=121"}],"wp:term":[{"taxonomy":"category","embeddable":true,"href":"https:\/\/dlf.uzh.ch\/sites\/memoriasdelaesclavitud\/wp-json\/wp\/v2\/categories?post=121"},{"taxonomy":"post_tag","embeddable":true,"href":"https:\/\/dlf.uzh.ch\/sites\/memoriasdelaesclavitud\/wp-json\/wp\/v2\/tags?post=121"}],"curies":[{"name":"wp","href":"https:\/\/api.w.org\/{rel}","templated":true}]}}