{"id":113,"date":"2025-07-14T16:21:03","date_gmt":"2025-07-14T14:21:03","guid":{"rendered":"https:\/\/dlf.uzh.ch\/sites\/memoriasdelaesclavitud\/?p=113"},"modified":"2025-08-26T12:50:03","modified_gmt":"2025-08-26T10:50:03","slug":"aline-helg","status":"publish","type":"post","link":"https:\/\/dlf.uzh.ch\/sites\/memoriasdelaesclavitud\/2025\/07\/14\/aline-helg\/","title":{"rendered":"Aline Helg"},"content":{"rendered":"\n<p><mark style=\"background-color:#fffdf9;color:#e04a14\" class=\"has-inline-color\"><strong>Aline Helg<\/strong> <\/mark>es profesora em\u00e9rita de historia en la Universidad de Ginebra, Suiza, donde ense\u00f1\u00f3 desde 2003. De 1989 a 2003 fue profesora en la Universidad de Texas en Austin. Ha publicado extensamente sobre Colombia, Cuba, la di\u00e1spora africana, la esclavitud, relaciones y teor\u00edas raciales comparadas, as\u00ed como sobre los procesos de independencia y de construcci\u00f3n nacional y el pensamiento pol\u00edtico-social de Sim\u00f3n Bol\u00edvar. Adem\u00e1s de <em>La historia de la educaci\u00f3n en Colombia, 1918-1957 <\/em>(1987, 2001 y 2022), sus libros incluyen <em>Slave No More: Self-Liberation before Abolitionism in the Americas<\/em> (2019), <em>Liberty and Equality in Caribbean Colombia, 1770-1835<\/em> (2004) y <em>Our Rightful Share. The Afro-Cuban Struggle for Equality, 1886-1912<\/em> (1995), todos publicados por University of North Carolina Press as\u00ed como en traducci\u00f3n espa\u00f1ola y ganadores de premios internacionales. Tambi\u00e9n coedit\u00f3 con Claude Auroi <em>Latin America 1810-2010: Dreams and Legacies<\/em> (2012).<\/p>\n","protected":false},"excerpt":{"rendered":"<p>Aline Helg es profesora em\u00e9rita de historia en la Universidad de Ginebra, Suiza, donde ense\u00f1\u00f3 desde 2003. De 1989 a 2003 fue profesora en la Universidad de Texas en Austin. Ha publicado extensamente sobre Colombia, Cuba, la di\u00e1spora africana, la esclavitud, relaciones y teor\u00edas raciales comparadas, as\u00ed como sobre los procesos de independencia y de&hellip; <a class=\"more-link\" href=\"https:\/\/dlf.uzh.ch\/sites\/memoriasdelaesclavitud\/2025\/07\/14\/aline-helg\/\">Read More <span class=\"screen-reader-text\">Aline Helg<\/span><\/a><\/p>\n","protected":false},"author":967,"featured_media":0,"comment_status":"open","ping_status":"open","sticky":false,"template":"","format":"standard","meta":{"_uag_custom_page_level_css":"","footnotes":""},"categories":[1],"tags":[],"class_list":["post-113","post","type-post","status-publish","format-standard","hentry","category-uncategorized"],"uagb_featured_image_src":{"full":false,"thumbnail":false,"medium":false,"medium_large":false,"large":false,"1536x1536":false,"2048x2048":false,"cerauno-home":false,"cerauno-header":false,"cerauno-site-logo":false},"uagb_author_info":{"display_name":"sohoff","author_link":"https:\/\/dlf.uzh.ch\/sites\/memoriasdelaesclavitud\/author\/sohoff\/"},"uagb_comment_info":0,"uagb_excerpt":"Aline Helg es profesora em\u00e9rita de historia en la Universidad de Ginebra, Suiza, donde ense\u00f1\u00f3 desde 2003. De 1989 a 2003 fue profesora en la Universidad de Texas en Austin. Ha publicado extensamente sobre Colombia, Cuba, la di\u00e1spora africana, la esclavitud, relaciones y teor\u00edas raciales comparadas, as\u00ed como sobre los procesos de independencia y de&hellip;&hellip;","_links":{"self":[{"href":"https:\/\/dlf.uzh.ch\/sites\/memoriasdelaesclavitud\/wp-json\/wp\/v2\/posts\/113","targetHints":{"allow":["GET"]}}],"collection":[{"href":"https:\/\/dlf.uzh.ch\/sites\/memoriasdelaesclavitud\/wp-json\/wp\/v2\/posts"}],"about":[{"href":"https:\/\/dlf.uzh.ch\/sites\/memoriasdelaesclavitud\/wp-json\/wp\/v2\/types\/post"}],"author":[{"embeddable":true,"href":"https:\/\/dlf.uzh.ch\/sites\/memoriasdelaesclavitud\/wp-json\/wp\/v2\/users\/967"}],"replies":[{"embeddable":true,"href":"https:\/\/dlf.uzh.ch\/sites\/memoriasdelaesclavitud\/wp-json\/wp\/v2\/comments?post=113"}],"version-history":[{"count":3,"href":"https:\/\/dlf.uzh.ch\/sites\/memoriasdelaesclavitud\/wp-json\/wp\/v2\/posts\/113\/revisions"}],"predecessor-version":[{"id":463,"href":"https:\/\/dlf.uzh.ch\/sites\/memoriasdelaesclavitud\/wp-json\/wp\/v2\/posts\/113\/revisions\/463"}],"wp:attachment":[{"href":"https:\/\/dlf.uzh.ch\/sites\/memoriasdelaesclavitud\/wp-json\/wp\/v2\/media?parent=113"}],"wp:term":[{"taxonomy":"category","embeddable":true,"href":"https:\/\/dlf.uzh.ch\/sites\/memoriasdelaesclavitud\/wp-json\/wp\/v2\/categories?post=113"},{"taxonomy":"post_tag","embeddable":true,"href":"https:\/\/dlf.uzh.ch\/sites\/memoriasdelaesclavitud\/wp-json\/wp\/v2\/tags?post=113"}],"curies":[{"name":"wp","href":"https:\/\/api.w.org\/{rel}","templated":true}]}}