{"id":512,"date":"2022-09-05T11:43:34","date_gmt":"2022-09-05T09:43:34","guid":{"rendered":"https:\/\/dlf.uzh.ch\/sites\/medizingeschichte\/?p=512"},"modified":"2024-12-01T16:18:50","modified_gmt":"2024-12-01T15:18:50","slug":"die-elefanten-apotheke","status":"publish","type":"post","link":"https:\/\/dlf.uzh.ch\/sites\/medizingeschichte\/die-elefanten-apotheke\/","title":{"rendered":"Die Elefanten-Apotheke"},"content":{"rendered":"\n<p>Marktgasse 6, 8001 Z\u00fcrich (<a href=\"https:\/\/www.google.com\/maps\/d\/edit?mid=1mdJpaZOFrjwkidVhprBC_38phlQB7J0&amp;usp=sharing\">Karte<\/a>)<\/p>\n\n\n\n<h5 class=\"wp-block-heading\">von Sophie Ammann<\/h5>\n\n\n\n<figure class=\"wp-block-image size-full\"><img loading=\"lazy\" decoding=\"async\" width=\"725\" height=\"918\" src=\"https:\/\/dlf.uzh.ch\/sites\/medizingeschichte\/files\/2022\/08\/22FS-Elephanten-Apotheke-alt-opopharma.jpg\" alt=\"\" class=\"wp-image-285\" srcset=\"https:\/\/dlf.uzh.ch\/sites\/medizingeschichte\/files\/2022\/08\/22FS-Elephanten-Apotheke-alt-opopharma.jpg 725w, https:\/\/dlf.uzh.ch\/sites\/medizingeschichte\/files\/2022\/08\/22FS-Elephanten-Apotheke-alt-opopharma-237x300.jpg 237w\" sizes=\"auto, (max-width: 725px) 100vw, 725px\" \/><figcaption class=\"wp-element-caption\">Abb. 1: Die Elefanten-Apotheke.<\/figcaption><\/figure>\n\n\n\n<h5 class=\"wp-block-heading\">Gr\u00fcndung und erste Meilensteine<\/h5>\n\n\n\n<p>Bereits im Jahr 1575 gegr\u00fcndet ist die Elefanten-Apotheke die \u00e4lteste und somit erste Apotheke in Z\u00fcrich.&nbsp;<\/p>\n\n\n\n<p>Bei der Gr\u00fcndung durch Heinrich Thomann trug sie noch den Namen \u00abHolzhalbsche&nbsp;Apotheke\u00bb. Sie wurde im Zentrum der Stadt, n\u00e4mlich gegen\u00fcber des Rathauses, errichtet.<\/p>\n\n\n\n<p>Im Jahr 1934 wurden Hermine Rath, Pharmazie-Doktorandin und Marguerite Steiger, Chemie-Doktorandin Besitzerinnen der Elefanten-Apotheke.&nbsp;Der Kauf der Apotheke wurde ihnen durch ein ansehnliches Verm\u00f6gen, welches Marguerite Steiger geerbt hatte, erm\u00f6glicht.&nbsp;<\/p>\n\n\n\n<p>Sie f\u00fchlten sich bereits in jungen Jahren zueinander hingezogen und teilten sich w\u00e4hrend ihrer&nbsp;Studiumszeit&nbsp;ein Zimmer in Z\u00fcrich und blieben bis an ihr Lebensende zusammen.<\/p>\n\n\n\n<p>Sie \u00fcbernahmen den Vertrieb der Pr\u00e4parate der niederl\u00e4ndischen Unternehmung Organon, die haupts\u00e4chlich Hormonprodukte wie Insulin herstellte.&nbsp;Die beiden Frauen gr\u00fcndeten die&nbsp;Opopharma, welche zu einem der ersten Unternehmen in der Schweiz geh\u00f6rte, die ausl\u00e4ndische Produkte importierte und verkaufte.<\/p>\n\n\n\n<figure class=\"wp-block-image size-full\"><img loading=\"lazy\" decoding=\"async\" width=\"514\" height=\"388\" src=\"https:\/\/dlf.uzh.ch\/sites\/medizingeschichte\/files\/2022\/08\/22FS-Elephanten-Apotheke-Portraet.png\" alt=\"\" class=\"wp-image-304\" srcset=\"https:\/\/dlf.uzh.ch\/sites\/medizingeschichte\/files\/2022\/08\/22FS-Elephanten-Apotheke-Portraet.png 514w, https:\/\/dlf.uzh.ch\/sites\/medizingeschichte\/files\/2022\/08\/22FS-Elephanten-Apotheke-Portraet-300x226.png 300w\" sizes=\"auto, (max-width: 514px) 100vw, 514px\" \/><figcaption class=\"wp-element-caption\">Abb. 2: Hermine Rath (rechts) und Marguerite Steiger (links), im Hintergrund: Grossm\u00fcnster.<\/figcaption><\/figure>\n\n\n\n<h5 class=\"wp-block-heading\">Bl\u00fctezeit und Niedergang<\/h5>\n\n\n\n<p>Nach dem zweiten Weltkrieg begann die Firma zu&nbsp;expan-dieren&nbsp;und nahm nun auch Konservierungsmittel,&nbsp;Verh\u00fctungsmittel, Insektizide, Futtermittelzus\u00e4tze,&nbsp;Psychopharmaka, Babypuder, Medizinaltechnik, Kontaktlinsen und vieles mehr in ihrem Angebot auf.<\/p>\n\n\n\n<p>Die&nbsp;Opopharma&nbsp;wurde nach dem Tod der Gr\u00fcnderinnen in eine Stiftung \u00fcberf\u00fchrt.<\/p>\n\n\n\n<p>Die Apotheke, welche zur Unternehmung geh\u00f6rte,&nbsp;&nbsp;wurde nach 419 Jahren Betrieb wegen zunehmend schlechtem Gesch\u00e4ftsgang am 30.&nbsp;Dezember 1994 geschlossen.<\/p>\n\n\n\n<p>Zurzeit befindet sich ein Florist im Geb\u00e4ude der ehemaligen Apotheke.<\/p>\n\n\n\n<div class=\"wp-block-columns is-layout-flex wp-container-core-columns-is-layout-9d6595d7 wp-block-columns-is-layout-flex\">\n<div class=\"wp-block-column is-layout-flow wp-block-column-is-layout-flow\" style=\"flex-basis:100%\">\n<div class=\"wp-block-group\"><div class=\"wp-block-group__inner-container is-layout-flow wp-block-group-is-layout-flow\"><\/div><\/div>\n<\/div>\n<\/div>\n\n\n\n<h6 class=\"wp-block-heading\">Bildquellen<\/h6>\n\n\n\n<p class=\"has-small-font-size\">Abb. 1: Elefanten-Apotheke. Quelle:&nbsp;\u201eUnser Fundament von 1575\u201c.&nbsp;http:\/\/www.opopharma.ch\/<br>Abb. 2: Quelle:&nbsp;http:\/\/www.opopharma.ch\/<br><\/p>\n\n\n\n<h6 class=\"wp-block-heading\">Literatur<\/h6>\n\n\n\n<p class=\"has-small-font-size\">Ammann, Ren\u00e9: \u201eEs begann mit der&nbsp;Elephanten-Apotheke\u201c. In: Altstadt Kurier. April 2006.&nbsp;https:\/\/www.zuerich1.ch\/altstadtkurier\/artikel\/118\/es-begann-mit-der-elephanten-apotheke.&nbsp;[Abrufdatum: 09.4.2022.].<br>Biber, Pascal: \u201eZwei Gr\u00fcnderm\u00fctter der Pharma-Branche\u201c. In: Sommerserie \u201ePioniere\u201c. 11.01.2016.&nbsp;https:\/\/www.srf.ch\/wissen\/sommerserie-pioniere\/zwei-gruendermuetter-der-pharma-branche.&nbsp;[Abrufdatum: 09.4.2022.].&nbsp;Unser Fundament von 1575\u201c.&nbsp;http:\/\/www.opopharma.ch\/.&nbsp;[Abrufdatum: 09.4.2022.].<br>Eidenbenz, Emil: \u201eGeschichte der&nbsp;z\u00fcrcherischen&nbsp;Pharmazie\u201c. Zeitschrift zur Feier des f\u00fcnfzigj\u00e4hrigen Bestehens des Apothekervereins des Kantons Z\u00fcrich. Z\u00fcrich 1918.<br><\/p>\n","protected":false},"excerpt":{"rendered":"<p>Bereits im Jahr 1575 wurde die Elefanten-Apotheke gegr\u00fcndet, sie ist damit die erste und \u00e4lteste Apotheke in Z\u00fcrich.<\/p>\n","protected":false},"author":778,"featured_media":285,"comment_status":"open","ping_status":"open","sticky":false,"template":"","format":"standard","meta":{"footnotes":""},"categories":[23,19,18,120,7,24,90,9,1,95,28,5],"tags":[],"class_list":{"0":"post-512","1":"post","2":"type-post","3":"status-publish","4":"format-standard","5":"has-post-thumbnail","7":"category-16-jahrhundert","8":"category-17-jahrhundert","9":"category-18-jahrhundert","10":"category-19-jahrhundert","11":"category-20-jahrhundert","12":"category-apotheke","13":"category-fachbereich","14":"category-institution","15":"category-ort","16":"category-pharmazie","17":"category-stadtkreis-1","18":"category-zeit","19":"czr-hentry"},"_links":{"self":[{"href":"https:\/\/dlf.uzh.ch\/sites\/medizingeschichte\/wp-json\/wp\/v2\/posts\/512","targetHints":{"allow":["GET"]}}],"collection":[{"href":"https:\/\/dlf.uzh.ch\/sites\/medizingeschichte\/wp-json\/wp\/v2\/posts"}],"about":[{"href":"https:\/\/dlf.uzh.ch\/sites\/medizingeschichte\/wp-json\/wp\/v2\/types\/post"}],"author":[{"embeddable":true,"href":"https:\/\/dlf.uzh.ch\/sites\/medizingeschichte\/wp-json\/wp\/v2\/users\/778"}],"replies":[{"embeddable":true,"href":"https:\/\/dlf.uzh.ch\/sites\/medizingeschichte\/wp-json\/wp\/v2\/comments?post=512"}],"version-history":[{"count":10,"href":"https:\/\/dlf.uzh.ch\/sites\/medizingeschichte\/wp-json\/wp\/v2\/posts\/512\/revisions"}],"predecessor-version":[{"id":2139,"href":"https:\/\/dlf.uzh.ch\/sites\/medizingeschichte\/wp-json\/wp\/v2\/posts\/512\/revisions\/2139"}],"wp:featuredmedia":[{"embeddable":true,"href":"https:\/\/dlf.uzh.ch\/sites\/medizingeschichte\/wp-json\/wp\/v2\/media\/285"}],"wp:attachment":[{"href":"https:\/\/dlf.uzh.ch\/sites\/medizingeschichte\/wp-json\/wp\/v2\/media?parent=512"}],"wp:term":[{"taxonomy":"category","embeddable":true,"href":"https:\/\/dlf.uzh.ch\/sites\/medizingeschichte\/wp-json\/wp\/v2\/categories?post=512"},{"taxonomy":"post_tag","embeddable":true,"href":"https:\/\/dlf.uzh.ch\/sites\/medizingeschichte\/wp-json\/wp\/v2\/tags?post=512"}],"curies":[{"name":"wp","href":"https:\/\/api.w.org\/{rel}","templated":true}]}}