{"id":4022,"date":"2025-11-17T00:46:51","date_gmt":"2025-11-16T23:46:51","guid":{"rendered":"https:\/\/dlf.uzh.ch\/sites\/medizingeschichte\/?p=4022"},"modified":"2025-12-09T18:10:08","modified_gmt":"2025-12-09T17:10:08","slug":"universitaetsklinik-balgrist","status":"publish","type":"post","link":"https:\/\/dlf.uzh.ch\/sites\/medizingeschichte\/universitaetsklinik-balgrist\/","title":{"rendered":"Universit\u00e4tsklinik Balgrist"},"content":{"rendered":"\n<h3 class=\"wp-block-heading\">Von der \u00abAnstalt f\u00fcr verkr\u00fcppelte Kinder\u00bb zur Universit\u00e4tsklink Balgrist<\/h3>\n\n\n\n<p>Forchstrasse 340, 8008 Z\u00fcrich (<a href=\"https:\/\/www.google.com\/maps\/d\/edit?mid=1mdJpaZOFrjwkidVhprBC_38phlQB7J0&amp;ll=47.400643803573686%2C8.547791160767217&amp;z=17\" data-type=\"URL\" data-id=\"https:\/\/www.google.com\/maps\/d\/edit?mid=1mdJpaZOFrjwkidVhprBC_38phlQB7J0&amp;ll=47.400643803573686%2C8.547791160767217&amp;z=17\" target=\"_blank\" rel=\"noreferrer noopener\">Karte<\/a>)<\/p>\n\n\n\n<h5 class=\"wp-block-heading\">von C. S\u00fcri<\/h5>\n\n\n\n<p class=\"has-black-color has-cyan-bluish-gray-background-color has-text-color has-background\" style=\"font-style:italic;font-weight:200\">Der Erweiterungsbau der Universit\u00e4tsklinik Balgrist, der aufgrund von Bettknappheit 1966 gebaut wurde (Abb. 1)<\/p>\n\n\n\n<figure class=\"wp-block-gallery has-nested-images columns-default is-cropped wp-block-gallery-1 is-layout-flex wp-block-gallery-is-layout-flex\">\n<figure class=\"wp-block-image size-full\"><img loading=\"lazy\" decoding=\"async\" width=\"2560\" height=\"1920\" data-id=\"4026\" src=\"https:\/\/dlf.uzh.ch\/sites\/medizingeschichte\/files\/2025\/11\/IMG_0663-scaled.jpeg\" alt=\"\" class=\"wp-image-4026\" srcset=\"https:\/\/dlf.uzh.ch\/sites\/medizingeschichte\/files\/2025\/11\/IMG_0663-scaled.jpeg 2560w, https:\/\/dlf.uzh.ch\/sites\/medizingeschichte\/files\/2025\/11\/IMG_0663-300x225.jpeg 300w, https:\/\/dlf.uzh.ch\/sites\/medizingeschichte\/files\/2025\/11\/IMG_0663-1024x768.jpeg 1024w, https:\/\/dlf.uzh.ch\/sites\/medizingeschichte\/files\/2025\/11\/IMG_0663-768x576.jpeg 768w, https:\/\/dlf.uzh.ch\/sites\/medizingeschichte\/files\/2025\/11\/IMG_0663-1536x1152.jpeg 1536w, https:\/\/dlf.uzh.ch\/sites\/medizingeschichte\/files\/2025\/11\/IMG_0663-2048x1536.jpeg 2048w\" sizes=\"auto, (max-width: 2560px) 100vw, 2560px\" \/><\/figure>\n<\/figure>\n\n\n\n<p><\/p>\n\n\n\n<p><\/p>\n\n\n\n<p class=\"has-black-color has-cyan-bluish-gray-background-color has-text-color has-background\" style=\"font-style:italic;font-weight:200\">Spital Balgrist, o.A., 1970-1979 (Abb. 2)<\/p>\n\n\n\n<figure class=\"wp-block-image size-full is-resized\"><img loading=\"lazy\" decoding=\"async\" width=\"512\" height=\"355\" src=\"https:\/\/dlf.uzh.ch\/sites\/medizingeschichte\/files\/2025\/11\/image-8.png\" alt=\"\" class=\"wp-image-4028\" style=\"width:699px;height:auto\" srcset=\"https:\/\/dlf.uzh.ch\/sites\/medizingeschichte\/files\/2025\/11\/image-8.png 512w, https:\/\/dlf.uzh.ch\/sites\/medizingeschichte\/files\/2025\/11\/image-8-300x208.png 300w, https:\/\/dlf.uzh.ch\/sites\/medizingeschichte\/files\/2025\/11\/image-8-510x355.png 510w\" sizes=\"auto, (max-width: 512px) 100vw, 512px\" \/><\/figure>\n\n\n\n<p><\/p>\n\n\n\n<div class=\"wp-block-group\"><div class=\"wp-block-group__inner-container is-layout-flow wp-block-group-is-layout-flow\">\n<h5 class=\"wp-block-heading\"><strong>Die Geschichte <\/strong>des Spitals<\/h5>\n\n\n\n<p>Begonnen hat die Geschichte des Balgrists mit einer anonymen Spende von 50000 Franken.<\/p>\n\n\n\n<p>Die heutige Universit\u00e4tsklinik Balgrist, damals \u00abAnstalt f\u00fcr verkr\u00fcppelte Kinder\u00bb, wurde im Jahr 1912 gegr\u00fcndet. Das Hauptziel war es, nebst der Behandlung der k\u00f6rperlich behinderten Kinder, diese f\u00fcr den Berufseinstieg und das Berufsleben bereit zu machen und diese erfolgreich in die Gesellschaft einzugliedern.<\/p>\n<\/div><\/div>\n\n\n\n<p>Aufgrund von sozialen Ungleichheiten hat sich Wilhelm Schulthess dazu entschlossen sich f\u00fcr das Wohl der Kinder einzusetzen und eine Anstalt f\u00fcr Kinder zu gr\u00fcnden. Mit der anf\u00e4nglichen Spende und sp\u00e4ter auch noch weiteren Spenden konnte Wilhelm Schulthess vor 115 Jahren das Landst\u00fcck auf dem Balgristh\u00fcgel erkaufen. Die Lage auf dem Balgristh\u00fcgel war vor allem f\u00fcr das psychische Wohlbefinde der Kinder vielversprechend, weil man von dort ganz Z\u00fcrich, den Z\u00fcrichsee und die Alpen sehen konnte. Auch war der Ort gut an das Verkehrsnetz angeschlossen. Ausserdem war der Balgrist auch mit dem Tram erreichbar.<\/p>\n\n\n\n<p>W\u00e4hrend 1912-1945 wurde die Anstalt f\u00fcr einen Grossteil der fast 4500 verkr\u00fcppelten Kinder, die in der Schweiz lebten, als \u00e4rztliche Behandlungsst\u00e4tte, Bildungs- und Erziehungsort und Schule verwendet. Die Klinik hatte \u00c4hnlichkeit mit einem Landhaus. Nebst Patientenbetten, Wohnungen, einem Operationssaal, einem Kindergarten und einer Schule und Wirtschaftsr\u00e4umen, gab es einen grossen Garten, der als Gem\u00fcsegarten verwendet wurde. Nebst der Behandlung und Entwicklung der verkr\u00fcppelten Kinder war auch die Hilfe bei&nbsp; Berufseinstieg eine wichtige Komponente der Wiedereingliederung in die Gesellschaft f\u00fcr diese Menschen. Die Kinder lernten beispielsweise, wie es sich anf\u00fchlt zu Arbeiten und den damit verbundenen Stress und Fertigkeiten zu bew\u00e4ltigen. Die Jungen mussten in einen Handfertigkeitsunterricht gehen, um dabei zu lernen, wie man die H\u00e4nde f\u00fcr die Arbeit richtig verwendet, w\u00e4hrend die M\u00e4dchen in Arbeitsschulen f\u00fcr die kommenden T\u00e4tigkeiten als Hausfrau geschickt wurden, um diese zu erlernen.<\/p>\n\n\n\n<p>In der Zeit zwischen 1912 und 1945 wurde auch das Operationsfeld erweitert. Es wurden mehr Operationen durchger\u00fchrt und teils auch neue erfunden, wie beispielsweise die Operation einer Spondylolisthese.<\/p>\n\n\n\n<p>Erst im Jahr 1945 wurde die F\u00f6rderklinik f\u00fcr behinderte Kinder zum Orthop\u00e4dischen Spital mit Fokus auf die Orthop\u00e4die umfunktioniert.<\/p>\n\n\n\n<p>Dort erforschte Wilhelm Schulthess die Krankheit Skoliose an Kindern.<\/p>\n\n\n\n<div class=\"wp-block-group\"><div class=\"wp-block-group__inner-container is-layout-flow wp-block-group-is-layout-flow\">\n<p>1966 wurde aufgrund der Bettenknappheit und der immer wachsenden Gesellschaft ein sogenannter Erweiterungsbau er\u00f6ffnet. Diesen Bau kennen wir heute als den eigentlichen Spital Balgrist, weil sich dort der Eingang f\u00fcr die Patienten befindet.<\/p>\n\n\n\n<p><\/p>\n\n\n\n<h5 class=\"wp-block-heading\">Der Baustilvergleich zwischen Erweiterungsbau und Anstalt:<\/h5>\n\n\n\n<p>Das Bauernhaus, das als Anstalt diente, unterschied sich visuell stark vom Erweiterungsbau. W\u00e4hrend die Anstalt ein eher kleines Haus darstellte, erwiess sich der immer noch bestehende Erweiterungsbau als ein riesiger Komplex. Das Bauernhaus hatte nebst einer Veranda und einem Gem\u00fcsegarten viele kleine Fenster mit Fensterl\u00e4den, um das Innere mit nat\u00fcrlichem Licht zu beleuchten.   Das Haupthaus war ausserdem \u00fcber einen kleinen gedeckten Gang mit der Poliklinik verbunden. Da die Zimmer mit der Zeit \u00fcberf\u00fcllt und die Patientenzahl stieg, entschied man sich einen Erweiterungsbau mit Fokus auf mehr Zimmer und vor allem auf die medizinische Einrichtungen zu bauen.<\/p>\n\n\n\n<p>Von aussen erkennt man beim Erweiterungsbau viele kleine Fenster, zwei Evakuationstreppen und im Eingangsbereich einen gr\u00f6sseren Parkplatz, der f\u00fcr die Ambulanz und sp\u00e4ter f\u00fcr das Abladen von Patienten gebraucht wurde. Zu der Zeit, in der das Geb\u00e4ude gebaut wurde, war die Funktionalit\u00e4t nach heutiger Sicht sicher dominierender als das Optische. Wenn man den Spital Balgrist mit den anderen Universit\u00e4tskliniken vergleicht, unterschieden sich diese visuell schon sehr voneinander. Die Bauweise des Balgrists hat seinen ganz eigenen Charakter, was es eben auch wieder spannend macht, weil es eine lange Geschichte verk\u00f6rpert und diese architektonisch und geschichtlich wiedergibt.<\/p>\n\n\n\n<p><\/p>\n\n\n\n<p class=\"has-black-color has-cyan-bluish-gray-background-color has-text-color has-background\" style=\"font-style:italic;font-weight:200\">Spital Balgrist, <em>(Erweiterungsbau), o.A., (Abb. 3)<\/em><\/p>\n\n\n\n<figure class=\"wp-block-image size-large\"><img loading=\"lazy\" decoding=\"async\" width=\"1024\" height=\"719\" src=\"https:\/\/dlf.uzh.ch\/sites\/medizingeschichte\/files\/2025\/11\/image-9-1024x719.png\" alt=\"\" class=\"wp-image-4033\" srcset=\"https:\/\/dlf.uzh.ch\/sites\/medizingeschichte\/files\/2025\/11\/image-9-1024x719.png 1024w, https:\/\/dlf.uzh.ch\/sites\/medizingeschichte\/files\/2025\/11\/image-9-300x211.png 300w, https:\/\/dlf.uzh.ch\/sites\/medizingeschichte\/files\/2025\/11\/image-9-768x540.png 768w, https:\/\/dlf.uzh.ch\/sites\/medizingeschichte\/files\/2025\/11\/image-9-1536x1079.png 1536w, https:\/\/dlf.uzh.ch\/sites\/medizingeschichte\/files\/2025\/11\/image-9.png 1600w\" sizes=\"auto, (max-width: 1024px) 100vw, 1024px\" \/><\/figure>\n\n\n\n<h5 class=\"wp-block-heading\">Der Balgrist heute:<\/h5>\n\n\n\n<p>In dem Erweiterungsbau befindet sich heute neben Patientenzimmern, Schulungsr\u00e4umen, einer Cafeteria und einem H\u00f6rsaal ebenfalls das Zentrum f\u00fcr Paraplegie. Mit dem Zentrum f\u00fcr Paraplegie gelingt es dem Spital Balgrist die Patienten mit Querschnittsl\u00e4hmung oder eingeschr\u00e4nkten R\u00fcckenmarksfunktionen station\u00e4r zu behandeln. Es werden auch Menschen mit verschiedensten R\u00fcckenmarkssch\u00e4digungen im Ambulatorium, welches sich auch dort befindet, behandelt. Hierunter z\u00e4hlen Menschen, die traumatische, degenerative oder tumorbedingte Funktionsst\u00f6rungen des R\u00fcckenmarks haben.&nbsp;<\/p>\n\n\n\n<h5 class=\"wp-block-heading\">Bildquellen<\/h5>\n<\/div><\/div>\n\n\n\n<p class=\"has-small-font-size\">Abb. 1 von Cyrill S\u00fcri, 2025<\/p>\n\n\n\n<p class=\"has-small-font-size\">Abb. 2 BAZ_127151.tiff, Klinik Balgrist, 1970-1979 <\/p>\n\n\n\n<p class=\"has-small-font-size\">Abb. 3 PK_0853.tif, Klinik Balgrist, o.A<\/p>\n\n\n\n<h5 class=\"wp-block-heading\">Literatur<\/h5>\n\n\n\n<p>Dr. Thomas B\u00f6ni und Prof. Beat R\u00fcttimann: Geschichte der Universit\u00e4tsklinik Balgrist, balgrist.ch, o.A., <a href=\"https:\/\/www.balgrist.ch\/fileadmin\/user_upload\/Ueber-uns\/Klinik\/Balgrist_Klinik_Geschichte.pdf\">https:\/\/www.balgrist.ch\/fileadmin\/user_upload\/Ueber-uns\/Klinik\/Balgrist_Klinik_Geschichte.pdf<\/a>, Stand 8.11.25<\/p>\n\n\n\n<p>o.A.: Die Geschichte der Universit\u00e4tsklinik Balgrist, 111\/75\/30-Jahre-Jubil\u00e4en, alumni.balgrist.ch, o.A., <a href=\"https:\/\/alumni.balgrist.ch\/fileadmin\/user_upload\/WEBSITE_Alumni\/Ueber_uns\/201002_Balgrist_Geschichte_A4.pdf\">https:\/\/alumni.balgrist.ch\/fileadmin\/user_upload\/WEBSITE_Alumni\/Ueber_uns\/201002_Balgrist_Geschichte_A4.pdf<\/a> , Stand 8.11.25<a href=\"https:\/\/www.balgrist.ch\/angebot\/zentren\/zentrum-fuer-paraplegie\/ambulatorium\/\"><\/a><\/p>\n\n\n\n<p>o.A.: Alle Arten von R\u00fcckensch\u00e4digung, balgrist.ch, o.A., <a href=\"https:\/\/www.balgrist.ch\/angebot\/zentren\/zentrum-fuer-paraplegie\/ambulatorium\/\">https:\/\/www.balgrist.ch\/angebot\/zentren\/zentrum-fuer-paraplegie\/ambulatorium\/<\/a> Stand 8.11.25<\/p>\n\n\n\n<div class=\"wp-block-columns is-layout-flex wp-container-core-columns-is-layout-9d6595d7 wp-block-columns-is-layout-flex\">\n<div class=\"wp-block-column is-layout-flow wp-block-column-is-layout-flow\" style=\"flex-basis:100%\"><\/div>\n<\/div>\n\n\n<div class=\"wp-block-post-excerpt\"><p class=\"wp-block-post-excerpt__excerpt\">Der Erweiterungsbau der Universit\u00e4tsklinik Balgrist, der aufgrund von Bettknappheit 1966 gebaut wurde Doch vor etwas mehr als 100 Jahren war der Balgrist ein Ort, wo vor allem Kinder mit k\u00f6rperlicher Behinderung behandelt wurden. <\/p><\/div>\n\n\n<p><\/p>\n","protected":false},"excerpt":{"rendered":"<p>Der Erweiterungsbau der Universit\u00e4tsklinik Balgrist, der aufgrund von Bettknappheit 1966 gebaut wurde <br \/>Doch vor etwas mehr als 100 Jahren war der Balgrist ein Ort, wo vor allem Kinder mit k\u00f6rperlicher Behinderung behandelt wurden.<\/p>\n","protected":false},"author":974,"featured_media":4033,"comment_status":"open","ping_status":"open","sticky":false,"template":"","format":"standard","meta":{"footnotes":""},"categories":[7,57,72,100,56,46,102,17,34],"tags":[103],"class_list":{"0":"post-4022","1":"post","2":"type-post","3":"status-publish","4":"format-standard","5":"has-post-thumbnail","7":"category-20-jahrhundert","8":"category-21-jahrhundert","9":"category-chirurgisches","10":"category-gebrechlichkeit","11":"category-krankheiten-im-kindesalter","12":"category-lehranstalt","13":"category-orthopaedie","14":"category-spital","15":"category-stadtkreis-8","16":"tag-wilhelm-schulthess","17":"czr-hentry"},"_links":{"self":[{"href":"https:\/\/dlf.uzh.ch\/sites\/medizingeschichte\/wp-json\/wp\/v2\/posts\/4022","targetHints":{"allow":["GET"]}}],"collection":[{"href":"https:\/\/dlf.uzh.ch\/sites\/medizingeschichte\/wp-json\/wp\/v2\/posts"}],"about":[{"href":"https:\/\/dlf.uzh.ch\/sites\/medizingeschichte\/wp-json\/wp\/v2\/types\/post"}],"author":[{"embeddable":true,"href":"https:\/\/dlf.uzh.ch\/sites\/medizingeschichte\/wp-json\/wp\/v2\/users\/974"}],"replies":[{"embeddable":true,"href":"https:\/\/dlf.uzh.ch\/sites\/medizingeschichte\/wp-json\/wp\/v2\/comments?post=4022"}],"version-history":[{"count":9,"href":"https:\/\/dlf.uzh.ch\/sites\/medizingeschichte\/wp-json\/wp\/v2\/posts\/4022\/revisions"}],"predecessor-version":[{"id":4343,"href":"https:\/\/dlf.uzh.ch\/sites\/medizingeschichte\/wp-json\/wp\/v2\/posts\/4022\/revisions\/4343"}],"wp:featuredmedia":[{"embeddable":true,"href":"https:\/\/dlf.uzh.ch\/sites\/medizingeschichte\/wp-json\/wp\/v2\/media\/4033"}],"wp:attachment":[{"href":"https:\/\/dlf.uzh.ch\/sites\/medizingeschichte\/wp-json\/wp\/v2\/media?parent=4022"}],"wp:term":[{"taxonomy":"category","embeddable":true,"href":"https:\/\/dlf.uzh.ch\/sites\/medizingeschichte\/wp-json\/wp\/v2\/categories?post=4022"},{"taxonomy":"post_tag","embeddable":true,"href":"https:\/\/dlf.uzh.ch\/sites\/medizingeschichte\/wp-json\/wp\/v2\/tags?post=4022"}],"curies":[{"name":"wp","href":"https:\/\/api.w.org\/{rel}","templated":true}]}}