{"id":3779,"date":"2025-05-07T02:39:51","date_gmt":"2025-05-07T00:39:51","guid":{"rendered":"https:\/\/dlf.uzh.ch\/sites\/medizingeschichte\/?p=3779"},"modified":"2025-09-30T14:52:04","modified_gmt":"2025-09-30T12:52:04","slug":"allgemeine-krankenkasse-zurich","status":"publish","type":"post","link":"https:\/\/dlf.uzh.ch\/sites\/medizingeschichte\/allgemeine-krankenkasse-zurich\/","title":{"rendered":"Die Allgemeine Krankenkasse Z\u00fcrich"},"content":{"rendered":"\n<p>Birmensdorferstrasse 94, Z\u00fcrich (<a href=\"https:\/\/www.google.com\/maps\/d\/edit?mid=1mdJpaZOFrjwkidVhprBC_38phlQB7J0&amp;usp=sharing\">Karte<\/a>)<\/p>\n\n\n\n<h5 class=\"wp-block-heading\">von Pascal Martignoni<\/h5>\n\n\n\n<p class=\"has-cyan-bluish-gray-background-color has-background\">Die Allgemeine Krankenkasse Z\u00fcrich wurde 1856 unter der Oberaufsicht der H\u00fclfsgesellschaft Z\u00fcrich gegr\u00fcndet. 1956 zum 100-j\u00e4hrigen Geburtstag erfolgt der Umzug in das neu errichtete B\u00fcrogeb\u00e4ude an der Birmensdorferstrasse 94, das sich nahtlos in die klassische Architektur der 1950er- und 1960er-Jahre mit ihrer strengen, funktionalen Geometrie, der rasterartigen Fassadengestaltung und dem Betonbau einf\u00fcgt.<\/p>\n\n\n\n<figure class=\"wp-block-image size-large\"><img loading=\"lazy\" decoding=\"async\" width=\"1024\" height=\"813\" src=\"https:\/\/dlf.uzh.ch\/sites\/medizingeschichte\/files\/2025\/04\/BAZ_141367-Print_on_demand-1024x813.jpg\" alt=\"\" class=\"wp-image-3780\" srcset=\"https:\/\/dlf.uzh.ch\/sites\/medizingeschichte\/files\/2025\/04\/BAZ_141367-Print_on_demand-1024x813.jpg 1024w, https:\/\/dlf.uzh.ch\/sites\/medizingeschichte\/files\/2025\/04\/BAZ_141367-Print_on_demand-300x238.jpg 300w, https:\/\/dlf.uzh.ch\/sites\/medizingeschichte\/files\/2025\/04\/BAZ_141367-Print_on_demand-768x610.jpg 768w, https:\/\/dlf.uzh.ch\/sites\/medizingeschichte\/files\/2025\/04\/BAZ_141367-Print_on_demand-1536x1220.jpg 1536w, https:\/\/dlf.uzh.ch\/sites\/medizingeschichte\/files\/2025\/04\/BAZ_141367-Print_on_demand-2048x1626.jpg 2048w\" sizes=\"auto, (max-width: 1024px) 100vw, 1024px\" \/><figcaption class=\"wp-element-caption\">Abb.1: Sitz der Krankenkasse im 100. Bestehungsjahr 1956<\/figcaption><\/figure>\n\n\n\n<h5 class=\"wp-block-heading\">Historischer Kontext<\/h5>\n\n\n\n<p>Im Verlauf des 20. Jahrhunderts standen Krankenkassen prim\u00e4r vor strukturellen und organisatorischen Herausforderungen: Die Einf\u00fchrung obligatorischer Krankenversicherungen, der Aufbau leistungsf\u00e4higer Verwaltungsapparate und die Anpassung an gesundheitspolitische Reformen bildeten zentrale Entwicklungslinien. Der Fokus lag auf administrativer Effizienz, der Abwicklung wachsender Leistungsanspr\u00fcche und der Integration in staatliche Regelsysteme. Auch die Allgemeine Krankenkasse Z\u00fcrich passte sich an \u2013 vom Qu\u00e4storenzimmer zum modernen B\u00fcrogeb\u00e4ude.<\/p>\n\n\n\n<h5 class=\"wp-block-heading\">Von der H\u00fclfsgesellschaft zum Versicherungsinstitut<\/h5>\n\n\n\n<p>Die Allgemeine Krankenkasse Z\u00fcrich wurde 1856 unter der Oberaufsicht der H\u00fclfsgesellschaft Z\u00fcrich gegr\u00fcndet.<\/p>\n\n\n\n<p>Im Jahr 1914 l\u00f6ste sie sich von der H\u00fclfsgesellschaft und konstituierte sich als Genossenschaft. Bis dahin befand sich der Sitz der Krankenkasse stets in den privaten R\u00e4umlichkeiten der jeweiligen Qu\u00e4storen.<\/p>\n\n\n\n<p>Im Verlauf des 20. Jahrhunderts verlor die Krankenkasse zunehmend ihren wohlt\u00e4tigen Charakter und entwickelte sich zu einem modernen Versicherungsinstitut.&nbsp;<\/p>\n\n\n\n<figure class=\"wp-block-image size-large is-style-default\"><img loading=\"lazy\" decoding=\"async\" width=\"1024\" height=\"796\" src=\"https:\/\/dlf.uzh.ch\/sites\/medizingeschichte\/files\/2025\/04\/IMG_0876-Gross-1-1024x796.png\" alt=\"\" class=\"wp-image-3783\" srcset=\"https:\/\/dlf.uzh.ch\/sites\/medizingeschichte\/files\/2025\/04\/IMG_0876-Gross-1-1024x796.png 1024w, https:\/\/dlf.uzh.ch\/sites\/medizingeschichte\/files\/2025\/04\/IMG_0876-Gross-1-300x233.png 300w, https:\/\/dlf.uzh.ch\/sites\/medizingeschichte\/files\/2025\/04\/IMG_0876-Gross-1-768x597.png 768w, https:\/\/dlf.uzh.ch\/sites\/medizingeschichte\/files\/2025\/04\/IMG_0876-Gross-1.png 1280w\" sizes=\"auto, (max-width: 1024px) 100vw, 1024px\" \/><\/figure>\n\n\n\n<p>Heutiges Geb\u00e4ude an der Birmensdorferstrasse 94 in Z\u00fcrich, Aufnahme 2025<\/p>\n\n\n\n<p><strong>Die Geschichte des Geb\u00e4udes<\/strong><\/p>\n\n\n\n<p>1956 zum 100-j\u00e4hrigen Geburtstag erfolgt der Umzug in das neu errichtete B\u00fcrogeb\u00e4ude an der Birmensdorferstrasse 94, das sich nahtlos in die klassische Architektur der 1950er- und 1960er-Jahre mit ihrer strengen, funktionalen Geometrie, der rasterartigen Fassadengestaltung und dem Betonbau einf\u00fcgt. Dieses architektonische Gesicht des Hauptsitzes der Krankenkasse korrespondierte so perfekt mit dem Wandel der Krankenkasse im 20. Jahrhundert.<\/p>\n\n\n\n<p>Das Geb\u00e4ude ist zentral gelegen, direkt am Bahnhof Wiedikon im Z\u00fcrcher Kreis 3. Im Erdgeschoss befand sich 1956 eine Apotheke. F\u00fcr eine Krankenkasse, die ihre administrativen Abl\u00e4ufe damals vollst\u00e4ndig manuell erledigte, war dies ein \u00e4usserst geeigneter Standort f\u00fcr den Hauptsitz.<\/p>\n\n\n\n<h6 class=\"wp-block-heading\">Bildquellen<\/h6>\n\n\n\n<p class=\"has-small-font-size\">Abb. 1: Baugeschichtliches Archiv der ETH.<br>Abb. 2: Fotografie von Pascal Martignoni, 2025.<\/p>\n\n\n\n<h6 class=\"wp-block-heading\">Literatur<\/h6>\n\n\n\n<p class=\"has-small-font-size\">Denzler, Alice. Hundert Jahre Allgemeine Krankenkasse Z\u00fcrich 1856\u20131956. 157. Neujahrsblatt der H\u00fclfsgesellschaft in Z\u00fcrich auf das Jahr 1957. Z\u00fcrich: Drack von Schulthess &amp; Co. AG, Kommissionsverlag von Beer &amp; Co., 1957<br><\/p>\n\n\n\n<p><\/p>\n","protected":false},"excerpt":{"rendered":"<p>Die Allgemeine Krankenkasse Z\u00fcrich wurde 1856 unter der Oberaufsicht der H\u00fclfsgesellschaft Z\u00fcrich gegr\u00fcndet. 1956 zum 100-j\u00e4hrigen Geburtstag erfolgt der Umzug in das neu errichtete B\u00fcrogeb\u00e4ude an der Birmensdorferstrasse 94, das sich nahtlos in die klassische Architektur der 1950er- und 1960er-Jahre mit ihrer strengen, funktionalen Geometrie, der rasterartigen Fassadengestaltung und dem Betonbau einf\u00fcgt.<\/p>\n","protected":false},"author":963,"featured_media":3780,"comment_status":"closed","ping_status":"closed","sticky":false,"template":"","format":"standard","meta":{"footnotes":""},"categories":[7,166,30,22],"tags":[],"class_list":{"0":"post-3779","1":"post","2":"type-post","3":"status-publish","4":"format-standard","5":"has-post-thumbnail","7":"category-20-jahrhundert","8":"category-krankenkasse","9":"category-stadtkreis-3","10":"category-verein","11":"czr-hentry"},"_links":{"self":[{"href":"https:\/\/dlf.uzh.ch\/sites\/medizingeschichte\/wp-json\/wp\/v2\/posts\/3779","targetHints":{"allow":["GET"]}}],"collection":[{"href":"https:\/\/dlf.uzh.ch\/sites\/medizingeschichte\/wp-json\/wp\/v2\/posts"}],"about":[{"href":"https:\/\/dlf.uzh.ch\/sites\/medizingeschichte\/wp-json\/wp\/v2\/types\/post"}],"author":[{"embeddable":true,"href":"https:\/\/dlf.uzh.ch\/sites\/medizingeschichte\/wp-json\/wp\/v2\/users\/963"}],"replies":[{"embeddable":true,"href":"https:\/\/dlf.uzh.ch\/sites\/medizingeschichte\/wp-json\/wp\/v2\/comments?post=3779"}],"version-history":[{"count":7,"href":"https:\/\/dlf.uzh.ch\/sites\/medizingeschichte\/wp-json\/wp\/v2\/posts\/3779\/revisions"}],"predecessor-version":[{"id":3967,"href":"https:\/\/dlf.uzh.ch\/sites\/medizingeschichte\/wp-json\/wp\/v2\/posts\/3779\/revisions\/3967"}],"wp:featuredmedia":[{"embeddable":true,"href":"https:\/\/dlf.uzh.ch\/sites\/medizingeschichte\/wp-json\/wp\/v2\/media\/3780"}],"wp:attachment":[{"href":"https:\/\/dlf.uzh.ch\/sites\/medizingeschichte\/wp-json\/wp\/v2\/media?parent=3779"}],"wp:term":[{"taxonomy":"category","embeddable":true,"href":"https:\/\/dlf.uzh.ch\/sites\/medizingeschichte\/wp-json\/wp\/v2\/categories?post=3779"},{"taxonomy":"post_tag","embeddable":true,"href":"https:\/\/dlf.uzh.ch\/sites\/medizingeschichte\/wp-json\/wp\/v2\/tags?post=3779"}],"curies":[{"name":"wp","href":"https:\/\/api.w.org\/{rel}","templated":true}]}}