{"id":3161,"date":"2024-11-25T23:49:45","date_gmt":"2024-11-25T22:49:45","guid":{"rendered":"https:\/\/dlf.uzh.ch\/sites\/medizingeschichte\/?p=3161"},"modified":"2025-02-23T13:29:24","modified_gmt":"2025-02-23T12:29:24","slug":"asche-zu-asche-das-erste-krematorium-der-schweiz","status":"publish","type":"post","link":"https:\/\/dlf.uzh.ch\/sites\/medizingeschichte\/asche-zu-asche-das-erste-krematorium-der-schweiz\/","title":{"rendered":"Asche zu Asche &#8211; Das erste Krematorium der Schweiz"},"content":{"rendered":"\n<h6 class=\"wp-block-heading\">von No\u00ebmi Winter<\/h6>\n\n\n\n<p>Aemtlerstrasse 149, 8003 Z\u00fcrich (<a href=\"https:\/\/www.google.com\/maps\/d\/edit?mid=1mdJpaZOFrjwkidVhprBC_38phlQB7J0&amp;usp=sharing\">Karte<\/a>)<\/p>\n\n\n\n<h3 class=\"wp-block-heading\">Geschichte<\/h3>\n\n\n\n<p class=\"has-black-color has-text-color has-link-color wp-elements-b0b8e1f26ee1b588cd4b51d265809104\">Das Krematorium Sihlfeld A in Z\u00fcrich war das erste seiner Art in der Schweiz und wurde von dem Vision\u00e4r Johann Jakob Wegmann-Ercolani ins Leben gerufen. Schon 1874 gr\u00fcndete er den ersten Feuerbestattungsverein und setzte sich durch \u00f6ffentliche Versammlungen und Aufkl\u00e4rungsarbeit f\u00fcr die Einf\u00fchrung der Kremation ein.&nbsp;<\/p>\n\n\n\n<p class=\"has-black-color has-text-color has-link-color wp-elements-9d09ba068e07158fb50a2f41ced46e35\">Die Anf\u00e4nge des Krematoriums waren jedoch alles andere als leicht. Dem Verein fehlte es nicht nur an finanziellen Mitteln, sondern er musste sich auch erheblichen Widerst\u00e4nden der Gesellschaft stellen. Kritik kam vor allem aus religi\u00f6sen Kreisen. Obwohl die Kremation in der Antike eine verbreitete Methode war, um die Toten beizusetzen, verlor sie mit der Christianisierung der Schweiz an Bedeutung. Nach damaligem christlichen Glauben musste der K\u00f6rper unversehrt bleiben, damit der Gestorbene am J\u00fcngsten Tag vollst\u00e4ndig vor seinem Sch\u00f6pfer auferstehen konnte. F\u00fcr viele Gl\u00e4ubige stand deshalb die Kremation diametral diesem zentralen Glaubenssatz entgegen.&nbsp;<\/p>\n\n\n\n<p>Trotz all dieser Hindernisse nahm das Projekt dank der Hilfe der Stadt Z\u00fcrich Gestalt an. Die Stadt stellte ihnen nicht nur ein Grundst\u00fcck f\u00fcr den Bau zur Verf\u00fcgung, sondern unterst\u00fctzte sie auch finanziell. Die Planungen f\u00fcr den Bau begannen 1887, und zwei Jahre sp\u00e4ter, am 15. Juni 1889, war es endlich soweit: Das erste Krematorium der Schweiz wurde er\u00f6ffnet. Anfangs war die Zahl der durchgef\u00fchrten Ein\u00e4scherungen noch verschwindend gering. Bis September 1892 wurden nur 120 Personen einge\u00e4schert. Im Jahr 1894 beschloss die Stadt jedoch die Ein\u00e4scherung f\u00fcr die Stadtbewohner kostenlos zu machen, was die Nachfrage nach Verbrennungen stetig ansteigen liess.&nbsp;<\/p>\n\n\n\n<h4 class=\"wp-block-heading\">Vorgang der Kremation<\/h4>\n\n\n\n<p>Das Krematorium selbst war hochmodern und setzte neue mechanische Massst\u00e4be. Der tote K\u00f6rper wurde mechanisch in den Ofen geschoben, ohne dass er von Menschenhand ber\u00fchrt werden musste. Die Konzeption des Krematoriums sah vor, dass der Leichnam nicht durch Flammen verbrannt, sondern durch hei\u00dfe Luft zu Asche gemacht wurde. Die Luft wurde auf 700-800 Grad Celsius erhitzt und liess den Leichnam indirekt verbrennen.<\/p>\n\n\n\n<p>Als Kontrollmechanismus, dass der K\u00f6rper auch wirklich verbrannt wurde und die daraus entstehende Asche auch zweifellos die ehemalige Person war, wurde ein kleines Fenster in die R\u00fcckseite des Sarkophagen eingearbeitet. Auf diese Weise konnten die Familienangeh\u00f6rigen, sofern sie diesen Wunsch ge\u00e4ussert hatten, die gesamte Verbrennung beobachten.<\/p>\n\n\n\n<figure class=\"wp-block-image size-thumbnail\"><img loading=\"lazy\" decoding=\"async\" width=\"150\" height=\"150\" src=\"https:\/\/dlf.uzh.ch\/sites\/medizingeschichte\/files\/2024\/11\/image-5-edited-150x150.png\" alt=\"\" class=\"wp-image-3234\" srcset=\"https:\/\/dlf.uzh.ch\/sites\/medizingeschichte\/files\/2024\/11\/image-5-edited-150x150.png 150w, https:\/\/dlf.uzh.ch\/sites\/medizingeschichte\/files\/2024\/11\/image-5-edited-510x510.png 510w\" sizes=\"auto, (max-width: 150px) 100vw, 150px\" \/><figcaption class=\"wp-element-caption\">Abb.1: Aufnahme des Krematoriums von innen, 1889<\/figcaption><\/figure>\n\n\n\n<h4 class=\"wp-block-heading\">Nutzung des Krematoriums heute<\/h4>\n\n\n\n<figure class=\"wp-block-image size-large\"><img loading=\"lazy\" decoding=\"async\" width=\"804\" height=\"1024\" src=\"https:\/\/dlf.uzh.ch\/sites\/medizingeschichte\/files\/2024\/11\/Bildschirmfoto-2024-11-24-um-22.47.28-804x1024.png\" alt=\"\" class=\"wp-image-3262\" srcset=\"https:\/\/dlf.uzh.ch\/sites\/medizingeschichte\/files\/2024\/11\/Bildschirmfoto-2024-11-24-um-22.47.28-804x1024.png 804w, https:\/\/dlf.uzh.ch\/sites\/medizingeschichte\/files\/2024\/11\/Bildschirmfoto-2024-11-24-um-22.47.28-236x300.png 236w, https:\/\/dlf.uzh.ch\/sites\/medizingeschichte\/files\/2024\/11\/Bildschirmfoto-2024-11-24-um-22.47.28-768x978.png 768w, https:\/\/dlf.uzh.ch\/sites\/medizingeschichte\/files\/2024\/11\/Bildschirmfoto-2024-11-24-um-22.47.28.png 1029w\" sizes=\"auto, (max-width: 804px) 100vw, 804px\" \/><figcaption class=\"wp-element-caption\">Abb.2: Eigene Aufnahme des Krematoriums von aussen, 2024<\/figcaption><\/figure>\n\n\n\n<p>Mit der zunehmenden Nachfrage nach Ein\u00e4scherung stiess das Krematorium Sihlfeld A an seine Grenzen. Probleme wie Rauchentwicklung und ein hoher Brennstoffverbrauch verdeutlichten, dass die damalige Technik nicht mehr effizient genug war, um den wachsenden Anforderungen gerecht zu werden. So wurde 1915 das Krematorium Sihlfeld D mit mehr Kapazit\u00e4t und fortschrittlicherer Ausstattung gebaut.  <\/p>\n\n\n\n<p>Auch wenn das Krematorium Sihlfeld A inzwischen nicht mehr genutzt wird, so nimmt es doch einen besonderen Platz in der Geschichte Z\u00fcrichs ein. Mittlerweile wurde der Ofen entfernt und das Geb\u00e4ude wird als Abdankungskapelle und Urnenhalle genutzt.&nbsp;<\/p>\n\n\n\n<h4 class=\"wp-block-heading has-text-align-center\"> <em>tempus fugit &#8211; memoria manet<\/em><\/h4>\n\n\n\n<p><\/p>\n\n\n\n<h6 class=\"wp-block-heading\">Literaturquellen<\/h6>\n\n\n\n<ul class=\"wp-block-list\">\n<li>Dietsche, Daniela: Besinnlichkeit mitten im Leben. Friedh\u00f6fe im Wandel, in: Schweizerische Bauzeitung, 2015, S 26. Online: <a href=\"https:\/\/www.e-periodica.ch\/digbib\/view?pid=sbz-004%3A2015%3A141%3A%3A1752&amp;referrer=search#1749\">Link<\/a>, Stand: 24.11.2024.<\/li>\n\n\n\n<li>Thalmann, Rolf: Krematorium. Historisches Lexikon der Schweiz (HSL), 4.11.2008, Online: <a href=\"https:\/\/hls-dhs-dss.ch\/de\/articles\/028701\/2008-11-04\/\">Link<\/a>, Stand: 25.11.2024.<\/li>\n\n\n\n<li>o.A: Das Krematorium im Friedhof Sihfeld, in: Chronik der Stadt Z\u00fcrich, 20.1.1900, S. 17-18. Online: <a href=\"https:\/\/www.e-newspaperarchives.ch\/?a=d&amp;d=CSZ19000120-01.2.2&amp;srpos=13&amp;e=-------de-20--1--img-txIN--------0-----\">Link<\/a>, Stand: 8.10.2024<\/li>\n\n\n\n<li>o.A: Der Feuerbestattungs-Verein f\u00fcr Z\u00fcrich und Umgebung, in: Neue Z\u00fcrcher Zeitung, 23.10.1892, S. 9. Online: <a href=\"http:\/\/www.e-newspaperarchives.ch\/?a=d&amp;d=NZZ18921023-02.2.27\">Link<\/a>, Stand: 8.10.2024.<\/li>\n\n\n\n<li>o.A: Aus der Geschichte des Z\u00fcrcher Feuerbestattungs-Vereins, in Neue Z\u00fcrcher Zeitung, 5.3.1915, S. 1-2. Online: <a href=\"http:\/\/www.e-newspaperarchives.ch\/?a=d&amp;d=NZZ19150305-02.2.3\">Link<\/a>, Stand: 8.10.2024.<\/li>\n<\/ul>\n\n\n\n<h6 class=\"wp-block-heading\">Bilderquellen<\/h6>\n\n\n\n<ul class=\"wp-block-list\">\n<li>Abb.1: Bild aus einer Zeitschrift: J.Baeckmann: Krematorium im st\u00e4dtischen Centralfriedhof zu Z\u00fcrich, Z\u00fcrich 1889, in: Schweizerische Bauzeitung: Wochenschrift f\u00fcr Bau-, Verkehrs- und Maschinentechnik, S.44<\/li>\n\n\n\n<li>Abb.2: Eigene Aufnahme des Krematoriums Sihlfeld A, 22.10.2024<\/li>\n<\/ul>\n","protected":false},"excerpt":{"rendered":"<p>Das Krematorium Sihlfeld A in Z\u00fcrich war das erste seiner Art in der Schweiz und wurde von dem Vision\u00e4r Johann Jakob Wegmann-Ercolani ins Leben gerufen. Schon 1874 gr\u00fcndete er den ersten Feuerbestattungsverein und setzte sich durch \u00f6ffentliche Versammlungen und Aufkl\u00e4rungsarbeit f\u00fcr die Einf\u00fchrung der Kremation ein.\u00a0<\/p>\n","protected":false},"author":942,"featured_media":3225,"comment_status":"open","ping_status":"open","sticky":false,"template":"","format":"standard","meta":{"footnotes":""},"categories":[120,7,90,121,9,1,43,30,5],"tags":[150,149],"class_list":{"0":"post-3161","1":"post","2":"type-post","3":"status-publish","4":"format-standard","5":"has-post-thumbnail","7":"category-19-jahrhundert","8":"category-20-jahrhundert","9":"category-fachbereich","10":"category-hygiene","11":"category-institution","12":"category-ort","13":"category-spezialinstitution","14":"category-stadtkreis-3","15":"category-zeit","16":"tag-religion","17":"tag-tod","18":"czr-hentry"},"_links":{"self":[{"href":"https:\/\/dlf.uzh.ch\/sites\/medizingeschichte\/wp-json\/wp\/v2\/posts\/3161","targetHints":{"allow":["GET"]}}],"collection":[{"href":"https:\/\/dlf.uzh.ch\/sites\/medizingeschichte\/wp-json\/wp\/v2\/posts"}],"about":[{"href":"https:\/\/dlf.uzh.ch\/sites\/medizingeschichte\/wp-json\/wp\/v2\/types\/post"}],"author":[{"embeddable":true,"href":"https:\/\/dlf.uzh.ch\/sites\/medizingeschichte\/wp-json\/wp\/v2\/users\/942"}],"replies":[{"embeddable":true,"href":"https:\/\/dlf.uzh.ch\/sites\/medizingeschichte\/wp-json\/wp\/v2\/comments?post=3161"}],"version-history":[{"count":9,"href":"https:\/\/dlf.uzh.ch\/sites\/medizingeschichte\/wp-json\/wp\/v2\/posts\/3161\/revisions"}],"predecessor-version":[{"id":3656,"href":"https:\/\/dlf.uzh.ch\/sites\/medizingeschichte\/wp-json\/wp\/v2\/posts\/3161\/revisions\/3656"}],"wp:featuredmedia":[{"embeddable":true,"href":"https:\/\/dlf.uzh.ch\/sites\/medizingeschichte\/wp-json\/wp\/v2\/media\/3225"}],"wp:attachment":[{"href":"https:\/\/dlf.uzh.ch\/sites\/medizingeschichte\/wp-json\/wp\/v2\/media?parent=3161"}],"wp:term":[{"taxonomy":"category","embeddable":true,"href":"https:\/\/dlf.uzh.ch\/sites\/medizingeschichte\/wp-json\/wp\/v2\/categories?post=3161"},{"taxonomy":"post_tag","embeddable":true,"href":"https:\/\/dlf.uzh.ch\/sites\/medizingeschichte\/wp-json\/wp\/v2\/tags?post=3161"}],"curies":[{"name":"wp","href":"https:\/\/api.w.org\/{rel}","templated":true}]}}