{"id":2485,"date":"2023-12-05T08:49:22","date_gmt":"2023-12-05T07:49:22","guid":{"rendered":"https:\/\/dlf.uzh.ch\/sites\/medizingeschichte\/?p=2485"},"modified":"2024-12-01T16:48:45","modified_gmt":"2024-12-01T15:48:45","slug":"der-ehgraben-im-niederdoerfli","status":"publish","type":"post","link":"https:\/\/dlf.uzh.ch\/sites\/medizingeschichte\/der-ehgraben-im-niederdoerfli\/","title":{"rendered":"Der Ehgraben im Niederd\u00f6rfli"},"content":{"rendered":"\n<p>Zwischen den Geb\u00e4uden Schiffl\u00e4nde 30 \/ 32 bis zur Oberdorfstrasse 25 \/ 27 (<a href=\"https:\/\/www.google.com\/maps\/d\/edit?mid=1mdJpaZOFrjwkidVhprBC_38phlQB7J0&amp;usp=sharing\">Karte<\/a>)<\/p>\n\n\n\n<h5 class=\"wp-block-heading\">von Marah Ruepp<\/h5>\n\n\n\n<p class=\"has-background\" style=\"background-color:#e0c28a\">Zwischen den Geb\u00e4uden Schiffl\u00e4nde 30 und 32 im Z\u00fcrcher Niederdorf versteckt sich eine unauff\u00e4llige braune Holzt\u00fcr. Durch sie gelangt man in einen unterirdischen Tunnel. Dieser ist heute sauber, gut beleuchtet und schl\u00e4ngelt sich, immer enger werdend, bis zur Oberdorfstrasse, wo man ihn durch ein knapp 50 Zentimeter breites T\u00fcrchen wieder verlassen kann. Kaum einer w\u00fcrde ahnen, dass dieser \u201eGeheimort\u201c eine ziemlich \u00fcbelriechende Vergangenheit hat. Denn noch bis vor etwas mehr als 100 Jahren diente das G\u00e4sschen noch als sogenannter Ehgraben. Wie der Ehgraben mit der Geschichte des \u00f6ffentlichen Gesundheitswesens Z\u00fcrichs zusammenh\u00e4ngt, davon handelt dieser Blogeintrag.<\/p>\n\n\n\n<h5 class=\"wp-block-heading\">Was war ein Ehgraben?<\/h5>\n\n\n\n<p>Falls Sie sich je gefragt haben, was im Sp\u00e4tmittelalter mit den kleinen und grossen Gesch\u00e4ften der Bewohnerinnen und Bewohner Z\u00fcrichs geschah, so liefert diese enge Gasse einen bildhaften Eindruck. Bis ins 19. Jahrhundert befanden sich an den Hinterseiten zweier gegen\u00fcberliegender H\u00e4userreihen sogenannte &#8222;Ehgr\u00e4ben&#8220;. Der Name leitet sich vom mittelhochdeutschen&nbsp;<em>\u00ea(we)<\/em>, &#8222;Gesetz&#8220;, ab.  Ein Ehgraben war demnach definiert als \u201erechtsg\u00fcltiger Grenzgraben\u201c zwischen zwei H\u00e4userreihen, in welchen sich die Latrinen entleeren konnten. Fl\u00fcssiges floss durch das nat\u00fcrliche Gef\u00e4lle in die Limmat ab. Festes wurde von Stroh gebunden und abwechselnd von den Anwohnern eingesammelt. Lange fand der menschliche Stuhl Anwendung in der Landwirtschaft als D\u00fcnger. <\/p>\n\n\n\n<div class=\"wp-block-group\"><div class=\"wp-block-group__inner-container is-layout-constrained wp-block-group-is-layout-constrained\">\n<div class=\"wp-block-columns is-layout-flex wp-container-core-columns-is-layout-9d6595d7 wp-block-columns-is-layout-flex\">\n<div class=\"wp-block-column is-layout-flow wp-block-column-is-layout-flow\">\n<figure class=\"wp-block-image size-full is-resized\"><img loading=\"lazy\" decoding=\"async\" width=\"587\" height=\"391\" src=\"https:\/\/dlf.uzh.ch\/sites\/medizingeschichte\/files\/2023\/12\/Ehgraben-3.png\" alt=\"\" class=\"wp-image-2586\" style=\"width:351px;height:auto\" srcset=\"https:\/\/dlf.uzh.ch\/sites\/medizingeschichte\/files\/2023\/12\/Ehgraben-3.png 587w, https:\/\/dlf.uzh.ch\/sites\/medizingeschichte\/files\/2023\/12\/Ehgraben-3-300x200.png 300w\" sizes=\"auto, (max-width: 587px) 100vw, 587px\" \/><figcaption class=\"wp-element-caption\">Abb. 1.: Der Ehgraben vor und nach der Kloakenreform, Zeichnung: Oliver L\u00fcde<\/figcaption><\/figure>\n<\/div>\n\n\n\n<div class=\"wp-block-column is-layout-flow wp-block-column-is-layout-flow\">\n<figure class=\"wp-block-image size-full is-resized\"><img loading=\"lazy\" decoding=\"async\" width=\"300\" height=\"222\" src=\"https:\/\/dlf.uzh.ch\/sites\/medizingeschichte\/files\/2023\/12\/IMG_1272.png\" alt=\"\" class=\"wp-image-2619\" style=\"width:326px;height:auto\" \/><figcaption class=\"wp-element-caption\">Abb. 2.: Die Ehgr\u00e4ben zwischen den H\u00e4userreihen, Z\u00fcrich, Datum unklar<\/figcaption><\/figure>\n<\/div>\n<\/div>\n<\/div><\/div>\n\n\n\n<h5 class=\"wp-block-heading\">Ein neuer Blick auf Hygiene<\/h5>\n\n\n\n<p>Im Verlauf des 19. Jahrhunderts ver\u00e4nderten sich die allgemeinen Vorstellungen von Hygiene. W\u00e4hrend zum Beispiel \u00f6ffentliche Gemeinschaftslatrinen lange Zeit zur Normalit\u00e4t geh\u00f6rten, begann man vermehrt Scham und Peinlichkeit diesbez\u00fcglich zu versp\u00fcren. Zudem war in dieser Zeit der Glaube weit verbreitet, dass sogenannte &#8222;Miasmen&#8220;, von verseuchter Erde aufsteigende, faulige Ger\u00fcche, Krankheiten ausl\u00f6sen k\u00f6nnten. <\/p>\n\n\n\n<p>Im Zuge der Industrialisierung verdreifachte sich die Bev\u00f6lkerung der Z\u00fcrcher Altstadt beinahe. Hinzu kamen die rasch wachsenden Arbeitervorst\u00e4dte Oberstrass und Aussersihl. Es entstanden Probleme bei der Entsorgung von F\u00e4kalien und Brauchwasser. Im Herbst 1855 begannen \u00c4rzte, Bautechniker und Ingenieure erstmals, \u00fcber eine Reform des Entsorgungswesens zu diskutieren. Zu einer grossen Ver\u00e4nderung kam es aber noch nicht. <\/p>\n\n\n\n<figure class=\"wp-block-image size-full is-resized\"><img loading=\"lazy\" decoding=\"async\" width=\"263\" height=\"192\" src=\"https:\/\/dlf.uzh.ch\/sites\/medizingeschichte\/files\/2023\/12\/IMG_1273.jpeg\" alt=\"\" class=\"wp-image-2620\" style=\"width:477px;height:auto\" \/><figcaption class=\"wp-element-caption\">Abb. 3.: Abtransport des Stadtmists, Z\u00fcrcher Schiffl\u00e4nde um 1820, Zentralbibliothek Z\u00fcrich<\/figcaption><\/figure>\n\n\n\n<h5 class=\"wp-block-heading\">Die Z\u00fcrcher Choleraepidemie von 1867<\/h5>\n\n\n\n<p>Am 30. Juli 1867 verbreitete sich in Z\u00fcrich die Cholera. Bereits zwanzig Jahre zuvor kam es zu einigen kleineren Ausbr\u00fcchen, jedoch handelte es sich nun um die st\u00e4rkste je in der Schweiz aufgetretene Choleraepidemie. Man versuchte, die Ansteckungen mit bekannten Massnahmen zu bek\u00e4mpfen, die bisher bei der Eind\u00e4mmung von Epidemien geholfen hatten: Isolation von erkrankten Haushalten, Desinfektion der betroffenen Wohnh\u00e4user und S\u00e4uberung \u00f6ffentlicher Pl\u00e4tze. Sogar ein Weinverbot wurde diskutiert. Doch durch die grosse Bev\u00f6lkerungsdichte entpuppten sich sie Massnahmen als wirkungslos. Das \u00f6ffentliche Gesundheitswesen war \u00fcberfordert. Ein Zeitzeuge beschrieb die Situation wie folgt: <\/p>\n\n\n\n<blockquote class=\"wp-block-quote is-layout-flow wp-block-quote-is-layout-flow\">\n<p>Wer im Herbst 1867 Z\u00fcrich besuchte, der glaubte sich in ein grosses Sterbehaus versetzt. Verstummt war Sang und Lust in der lebensfrohen Stadt, ver\u00f6det und still die Strassen, die \u00f6ffentlichen Lokale standen leer, und wo fr\u00fcher herrliche Musik das Ohr erg\u00f6tzte, das gesch\u00e4ftige Treiben der B\u00f6rse die Tonhalle-S\u00e4le belebte, da erblickte das Auge Bett an Bett gereiht der Lazarette stummen Jammer.<\/p>\n<cite>Traugott Koller, zit. nach Craig (1988), aus: Condrau, F.: Demokratische Bewegung<\/cite><\/blockquote>\n\n\n\n<h5 class=\"wp-block-heading\">Einfluss der politischen Unruhen<\/h5>\n\n\n\n<p>Nicht nur gesundheitlich steckte die Z\u00fcrcher Bev\u00f6lkerung in einer Krise. Es wurde \u00fcber eine Revision der Kantonsverfassung und weitere wirtschaftliche und politische Reformen diskutiert. Angef\u00fchrt wurden die Unruhen von einer radikal-demokratischen Opposition, welche den grossen Einfluss und die Vorherrschaft der liberalen F\u00fchrungselite kritisierte. Auff\u00e4llig war im Jahr 1867, dass die Choleraepidemie vermehrt in \u00f6ffentlichen Versammlungen als politisches Argument aufgegriffen wurde. So sprach Karl B\u00fcrkli, ein f\u00fchrender Demokrat, in einer seiner Reden: <\/p>\n\n\n\n<blockquote class=\"wp-block-quote is-layout-flow wp-block-quote-is-layout-flow\">\n<p>Unter System verstehe ich den verderblichen Einfluss der Interessenwirschaft (&#8230;). Das System, wie die Cholera, ist nicht mit H\u00e4nden zu greifen, aber man sp\u00fcrt es in allen Gliedern.<\/p>\n<cite>Salomon Bleuler-Hausheer: Aktenst\u00fccke aus der Z\u00fcrcher Revisionsbewegung, zit. nach Decurtis u. Grossmann (1993), aus: Condrau, F.: Demokratische Bewegung<\/cite><\/blockquote>\n\n\n\n<p>In den Arbeitervorst\u00e4dten Oberstrass und Aussersihl forderte die Cholera auff\u00e4llig viele Opfer, w\u00e4hrend  die Oberschicht vermehrt aus der Stadt fl\u00fcchtete. Auch diese Tatsache verhalf der demokratischen Bewegung zu breiterem Zuspruch. <\/p>\n\n\n\n<figure class=\"wp-block-gallery has-nested-images columns-default is-cropped wp-block-gallery-1 is-layout-flex wp-block-gallery-is-layout-flex\">\n<figure class=\"wp-block-image size-large\"><img loading=\"lazy\" decoding=\"async\" width=\"1024\" height=\"675\" data-id=\"2628\" src=\"https:\/\/dlf.uzh.ch\/sites\/medizingeschichte\/files\/2023\/12\/IMG_1297-1024x675.jpeg\" alt=\"\" class=\"wp-image-2628\" srcset=\"https:\/\/dlf.uzh.ch\/sites\/medizingeschichte\/files\/2023\/12\/IMG_1297-1024x675.jpeg 1024w, https:\/\/dlf.uzh.ch\/sites\/medizingeschichte\/files\/2023\/12\/IMG_1297-300x198.jpeg 300w, https:\/\/dlf.uzh.ch\/sites\/medizingeschichte\/files\/2023\/12\/IMG_1297-768x506.jpeg 768w, https:\/\/dlf.uzh.ch\/sites\/medizingeschichte\/files\/2023\/12\/IMG_1297-1536x1012.jpeg 1536w, https:\/\/dlf.uzh.ch\/sites\/medizingeschichte\/files\/2023\/12\/IMG_1297-2048x1350.jpeg 2048w\" sizes=\"auto, (max-width: 1024px) 100vw, 1024px\" \/><figcaption class=\"wp-element-caption\">Abb. 4.:Kanalisationsarbeiten Neum\u00fchlenquai, 1916, Tiefbauamt Z\u00fcrich<\/figcaption><\/figure>\n\n\n\n<figure class=\"wp-block-image size-large\"><img loading=\"lazy\" decoding=\"async\" width=\"1024\" height=\"683\" data-id=\"2627\" src=\"https:\/\/dlf.uzh.ch\/sites\/medizingeschichte\/files\/2023\/12\/IMG_1298-1024x683.jpeg\" alt=\"\" class=\"wp-image-2627\" srcset=\"https:\/\/dlf.uzh.ch\/sites\/medizingeschichte\/files\/2023\/12\/IMG_1298-1024x683.jpeg 1024w, https:\/\/dlf.uzh.ch\/sites\/medizingeschichte\/files\/2023\/12\/IMG_1298-300x200.jpeg 300w, https:\/\/dlf.uzh.ch\/sites\/medizingeschichte\/files\/2023\/12\/IMG_1298-768x512.jpeg 768w, https:\/\/dlf.uzh.ch\/sites\/medizingeschichte\/files\/2023\/12\/IMG_1298-1536x1024.jpeg 1536w, https:\/\/dlf.uzh.ch\/sites\/medizingeschichte\/files\/2023\/12\/IMG_1298.jpeg 1752w\" sizes=\"auto, (max-width: 1024px) 100vw, 1024px\" \/><figcaption class=\"wp-element-caption\">Abb. 5.: \u00dcberdachter Ehgraben heute, an der rechten Bildseite ist eine Nische f\u00fcr die K\u00fcbel gut sichtbar, Stadt Z\u00fcrich<\/figcaption><\/figure>\n<\/figure>\n\n\n\n<div class=\"wp-block-columns is-layout-flex wp-container-core-columns-is-layout-9d6595d7 wp-block-columns-is-layout-flex\">\n<div class=\"wp-block-column is-layout-flow wp-block-column-is-layout-flow\" style=\"flex-basis:100%\">\n<h5 class=\"wp-block-heading\">Die Kloakenreform<\/h5>\n\n\n\n<p>Man kann also annehmen, dass sowohl die Choleraepidemie als auch die politischen Unruhen treibende Faktoren in der Revision des Abwasser- und Entsorgungssystems waren. Denn obwohl die Pl\u00e4ne daf\u00fcr bereits seit 1855 diskutiert wurden, wurde die sogenannte &#8222;Kloakenreform&#8220; im August 1867 nun innert k\u00fcrzester Zeit verordnet und durchgef\u00fchrt. <\/p>\n\n\n\n<p>Die offenen Ehgr\u00e4ben wurden \u00fcberdacht und mit Nischen ausgestattet. Durch Fallrohre aus den Latrinen gelangten die Abf\u00e4lle in K\u00fcbel. Dort konnte Fl\u00fcssiges durch ein Sieb in Kanalrohre versickern. Die Eimer wurden vom ebenfalls neu geschaffenen st\u00e4dtischen Abfuhrwesen eingesammelt und gereinigt. Im Ehgraben im Niederd\u00f6rfli sind diese Nischen noch bis heute gut sichtbar.  <br><\/p>\n\n\n\n<p>Abgeschaut hatte man sich dieses System von Paris. Es ist anzunehmen, dass der Wunsch, als moderne Stadt international mit den grossen Metropolen mithalten zu k\u00f6nnen, ebenfalls ein wichtiger Hintergedanke bei der Durchf\u00fchrung der Kloakenreform war. <\/p>\n\n\n\n<div class=\"wp-block-group\"><div class=\"wp-block-group__inner-container is-layout-constrained wp-block-group-is-layout-constrained\">\n<figure class=\"wp-block-gallery has-nested-images columns-5 is-cropped wp-block-gallery-2 is-layout-flex wp-block-gallery-is-layout-flex\">\n<figure class=\"wp-block-image size-large\"><img loading=\"lazy\" decoding=\"async\" width=\"768\" height=\"1024\" data-id=\"2631\" src=\"https:\/\/dlf.uzh.ch\/sites\/medizingeschichte\/files\/2023\/12\/IMG_0554-768x1024.jpeg\" alt=\"\" class=\"wp-image-2631\" srcset=\"https:\/\/dlf.uzh.ch\/sites\/medizingeschichte\/files\/2023\/12\/IMG_0554-768x1024.jpeg 768w, https:\/\/dlf.uzh.ch\/sites\/medizingeschichte\/files\/2023\/12\/IMG_0554-225x300.jpeg 225w, https:\/\/dlf.uzh.ch\/sites\/medizingeschichte\/files\/2023\/12\/IMG_0554-1152x1536.jpeg 1152w, https:\/\/dlf.uzh.ch\/sites\/medizingeschichte\/files\/2023\/12\/IMG_0554-1536x2048.jpeg 1536w, https:\/\/dlf.uzh.ch\/sites\/medizingeschichte\/files\/2023\/12\/IMG_0554-scaled.jpeg 1920w\" sizes=\"auto, (max-width: 768px) 100vw, 768px\" \/><\/figure>\n\n\n\n<figure class=\"wp-block-image size-large\"><img loading=\"lazy\" decoding=\"async\" width=\"768\" height=\"1024\" data-id=\"2633\" src=\"https:\/\/dlf.uzh.ch\/sites\/medizingeschichte\/files\/2023\/12\/IMG_0555-768x1024.jpeg\" alt=\"\" class=\"wp-image-2633\" srcset=\"https:\/\/dlf.uzh.ch\/sites\/medizingeschichte\/files\/2023\/12\/IMG_0555-768x1024.jpeg 768w, https:\/\/dlf.uzh.ch\/sites\/medizingeschichte\/files\/2023\/12\/IMG_0555-225x300.jpeg 225w, https:\/\/dlf.uzh.ch\/sites\/medizingeschichte\/files\/2023\/12\/IMG_0555-1152x1536.jpeg 1152w, https:\/\/dlf.uzh.ch\/sites\/medizingeschichte\/files\/2023\/12\/IMG_0555-1536x2048.jpeg 1536w, https:\/\/dlf.uzh.ch\/sites\/medizingeschichte\/files\/2023\/12\/IMG_0555-scaled.jpeg 1920w\" sizes=\"auto, (max-width: 768px) 100vw, 768px\" \/><\/figure>\n\n\n\n<figure class=\"wp-block-image size-large\"><img loading=\"lazy\" decoding=\"async\" width=\"768\" height=\"1024\" data-id=\"2632\" src=\"https:\/\/dlf.uzh.ch\/sites\/medizingeschichte\/files\/2023\/12\/IMG_0550-768x1024.jpeg\" alt=\"\" class=\"wp-image-2632\" srcset=\"https:\/\/dlf.uzh.ch\/sites\/medizingeschichte\/files\/2023\/12\/IMG_0550-768x1024.jpeg 768w, https:\/\/dlf.uzh.ch\/sites\/medizingeschichte\/files\/2023\/12\/IMG_0550-225x300.jpeg 225w, https:\/\/dlf.uzh.ch\/sites\/medizingeschichte\/files\/2023\/12\/IMG_0550-1152x1536.jpeg 1152w, https:\/\/dlf.uzh.ch\/sites\/medizingeschichte\/files\/2023\/12\/IMG_0550-1536x2048.jpeg 1536w, https:\/\/dlf.uzh.ch\/sites\/medizingeschichte\/files\/2023\/12\/IMG_0550-scaled.jpeg 1920w\" sizes=\"auto, (max-width: 768px) 100vw, 768px\" \/><\/figure>\n\n\n\n<figure class=\"wp-block-image size-large\"><img loading=\"lazy\" decoding=\"async\" width=\"768\" height=\"1024\" data-id=\"2635\" src=\"https:\/\/dlf.uzh.ch\/sites\/medizingeschichte\/files\/2023\/12\/IMG_0599-768x1024.jpeg\" alt=\"\" class=\"wp-image-2635\" srcset=\"https:\/\/dlf.uzh.ch\/sites\/medizingeschichte\/files\/2023\/12\/IMG_0599-768x1024.jpeg 768w, https:\/\/dlf.uzh.ch\/sites\/medizingeschichte\/files\/2023\/12\/IMG_0599-225x300.jpeg 225w, https:\/\/dlf.uzh.ch\/sites\/medizingeschichte\/files\/2023\/12\/IMG_0599-1152x1536.jpeg 1152w, https:\/\/dlf.uzh.ch\/sites\/medizingeschichte\/files\/2023\/12\/IMG_0599-1536x2048.jpeg 1536w, https:\/\/dlf.uzh.ch\/sites\/medizingeschichte\/files\/2023\/12\/IMG_0599-scaled.jpeg 1920w\" sizes=\"auto, (max-width: 768px) 100vw, 768px\" \/><\/figure>\n\n\n\n<figure class=\"wp-block-image size-large\"><img loading=\"lazy\" decoding=\"async\" width=\"768\" height=\"1024\" data-id=\"2634\" src=\"https:\/\/dlf.uzh.ch\/sites\/medizingeschichte\/files\/2023\/12\/IMG_0551-768x1024.jpeg\" alt=\"\" class=\"wp-image-2634\" srcset=\"https:\/\/dlf.uzh.ch\/sites\/medizingeschichte\/files\/2023\/12\/IMG_0551-768x1024.jpeg 768w, https:\/\/dlf.uzh.ch\/sites\/medizingeschichte\/files\/2023\/12\/IMG_0551-225x300.jpeg 225w, https:\/\/dlf.uzh.ch\/sites\/medizingeschichte\/files\/2023\/12\/IMG_0551-1152x1536.jpeg 1152w, https:\/\/dlf.uzh.ch\/sites\/medizingeschichte\/files\/2023\/12\/IMG_0551-1536x2048.jpeg 1536w, https:\/\/dlf.uzh.ch\/sites\/medizingeschichte\/files\/2023\/12\/IMG_0551-scaled.jpeg 1920w\" sizes=\"auto, (max-width: 768px) 100vw, 768px\" \/><\/figure>\n<figcaption class=\"blocks-gallery-caption wp-element-caption\">Abb. 6.: Ein-,Durch-, und Ausgang des Ehgrabens zwischen der Schiffl\u00e4nde 30 und 32 und Oberstrass, Fotos: Marah Ruepp<\/figcaption><\/figure>\n<\/div><\/div>\n\n\n\n<h5 class=\"wp-block-heading\">Weitere Entwicklung im 20. Jahrhundert<\/h5>\n\n\n\n<p>Schon kurz nach der Einf\u00fchrung des K\u00fcbelsystems wurde jedoch \u00fcber alternative L\u00f6sungen nachgedacht. Das Einsammeln der K\u00fcbel war sehr umst\u00e4ndlich, kostenaufw\u00e4ndig und wenig hygienisch. Nach dem Ersten Weltkrieg entwickelte man ein Schwemmsystem, das die K\u00fcbel abl\u00f6ste. 1926 nahm die erste Kl\u00e4ranlage, das Werdh\u00f6lzli, ihren Betrieb auf. <\/p>\n<\/div>\n<\/div>\n\n\n\n<figure class=\"wp-block-image size-full\"><img loading=\"lazy\" decoding=\"async\" width=\"1465\" height=\"923\" src=\"https:\/\/dlf.uzh.ch\/sites\/medizingeschichte\/files\/2023\/12\/IMG_1299.jpeg\" alt=\"\" class=\"wp-image-2638\" srcset=\"https:\/\/dlf.uzh.ch\/sites\/medizingeschichte\/files\/2023\/12\/IMG_1299.jpeg 1465w, https:\/\/dlf.uzh.ch\/sites\/medizingeschichte\/files\/2023\/12\/IMG_1299-300x189.jpeg 300w, https:\/\/dlf.uzh.ch\/sites\/medizingeschichte\/files\/2023\/12\/IMG_1299-1024x645.jpeg 1024w, https:\/\/dlf.uzh.ch\/sites\/medizingeschichte\/files\/2023\/12\/IMG_1299-768x484.jpeg 768w\" sizes=\"auto, (max-width: 1465px) 100vw, 1465px\" \/><figcaption class=\"wp-element-caption\">Abb. 7. : K\u00fcbelw\u00e4scherei beim heutigen Hardhof, um 1905, ETH Festschrift<\/figcaption><\/figure>\n\n\n\n<figure class=\"wp-block-video\"><video controls src=\"https:\/\/dlf.uzh.ch\/sites\/medizingeschichte\/files\/2023\/12\/IMG_0604.mov\"><\/video><figcaption class=\"wp-element-caption\">Video 1.: Durchschreitung des Ehgrabens im Zeitraffer, Marah Ruepp<\/figcaption><\/figure>\n\n\n\n<h6 class=\"wp-block-heading\">Bildquellen<\/h6>\n\n\n\n<div class=\"wp-block-group\"><div class=\"wp-block-group__inner-container is-layout-constrained wp-block-group-is-layout-constrained\">\n<p class=\"has-small-font-size\">Abb. 1: Ehgraben, Stadt Z\u00fcrich,  https:\/\/www.stadt-zuerich.ch\/hbd\/de\/index\/staedtebau\/archaeo_denkmal\/archaeo\/geschichte\/a_fenster\/ehgraben.html (12.12.2023)<\/p>\n\n\n\n<p class=\"has-small-font-size\">Abb. 2.: Ehgraben, Open Data Stadt Z\u00fcrich, https:\/\/www.bing.com\/images\/search?view=detailV2&amp;ccid=2pTkTfit&amp;id=5FD25756BA008AE8B3D964B138D4351ED89A0691&amp;thid=OIP.2pTkTfitXuM9xDqktwSnJgAAAA&amp;mediaurl=https%3A%2F%2Fwww.gis.stadt-zuerich.ch%2Fzueriplan_docs%2Fgeocat%2F7ba709c2-4dd0-4aa5-8042-8342c4a5d32a.png&amp;cdnurl=https%3A%2F%2Fth.bing.com%2Fth%2Fid%2FR.da94e44df8ad5ee33dc43aa4b704a726%3Frik%3DkQaa2B411DixZA%26pid%3DImgRaw%26r%3D0&amp;exph=222&amp;expw=300&amp;q=ehgraben+stadt+z%c3%bcrich&amp;simid=608004285504489645&amp;form=IRPRST&amp;ck=D10A5D9C311AE102CDD66060FCB01480&amp;selectedindex=2&amp;itb=0&amp;vt=4&amp;sim=11 (12.12.2023)<\/p>\n\n\n\n<p class=\"has-small-font-size\"><br>Abb. 3.: Darstellung aus Zentralbibliothek Z\u00fcrich, gefunden auf: Stadt Z\u00fcrich,  https:\/\/www.stadt-zuerich.ch\/hbd\/de\/index\/staedtebau\/archaeo_denkmal\/archaeo\/geschichte\/a_fenster\/ehgraben.html (12.12.2023)<\/p>\n\n\n\n<p class=\"has-small-font-size\">Abb. 4.: Tiefbauamt Z\u00fcrich, Baugeschichtliches Archiv, https:\/\/baz.e-pics.ethz.ch\/catalog\/BAZ\/r\/210880\/viewmode=infoview\/qsr=kanalisation%20 (12.12.2023)<\/p>\n\n\n\n<p class=\"has-small-font-size\">Abb. 5: Ehgraben bei der Schiffl\u00e4nde, Fotograf unklar, https:\/\/www.britishresidents.ch\/event-pro\/round-table-and-the-ehgraben\/ (12.12.2023)<\/p>\n\n\n\n<p class=\"has-small-font-size\">Abb. 6: Ehgraben bei der Schiffl\u00e4nde, Fotos von Marah Ruepp, 24.10.2023<\/p>\n\n\n\n<p class=\"has-small-font-size\">Abb. 7.: Fotos aus ETH Festschrift 1905, gefunden auf: Stadt Z\u00fcrich, https:\/\/www.stadt-zuerich.ch\/hbd\/de\/index\/staedtebau\/archaeo_denkmal\/archaeo\/geschichte\/a_fenster\/ehgraben.html (12.12.2023)<\/p>\n\n\n\n<p class=\"has-small-font-size\">Video 1.: Ehgraben bei der Schiffl\u00e4nde, gefilmt von Marah Ruepp, 24.10.2023<\/p>\n<\/div><\/div>\n\n\n\n<h6 class=\"wp-block-heading\">Literatur<\/h6>\n\n\n\n<div class=\"wp-block-columns is-layout-flex wp-container-core-columns-is-layout-9d6595d7 wp-block-columns-is-layout-flex\">\n<div class=\"wp-block-column is-layout-flow wp-block-column-is-layout-flow\" style=\"flex-basis:100%\">\n<p class=\"has-small-font-size\">Condrau, Flurin: Demokratische Bewegung, Choleraepidemie und die Reform des \u00f6ffentlichen Gesudheitswesens im Kanton Z\u00fcrich (1867), Sudhoffs Archiv, 1996, Nd. 80, H. 2 (1996), pp. 205-219. Online: &nbsp;<a href=\"http:\/\/www.jstor.org\/stable\/20777547\">http:\/\/www.jstor.org\/stable\/20777547<\/a>, Stand 24.11.2023.<\/p>\n\n\n\n<div class=\"wp-block-group is-vertical is-layout-flex wp-container-core-group-is-layout-8cf370e7 wp-block-group-is-layout-flex\">\n<p class=\"has-small-font-size\">Hochbaudepartemend Stadt Z\u00fcrich: Ehgraben, Infotafeln, stadt-zuerich.ch, <a href=\"https:\/\/www.stadt-zuerich.ch\/hbd\/de\/index\/staedtebau\/archaeo_denkmal\/archaeo\/geschichte\/a_fenster\/ehgraben.html\">https:\/\/www.stadt-zuerich.ch\/hbd\/de\/index\/staedtebau\/archaeo_denkmal\/archaeo\/geschichte\/a_fenster\/ehgraben.html<\/a>, Stand: 24.11.2023.<\/p>\n\n\n\n<p class=\"has-small-font-size\">Oller, Katrin: \u201eAls WC-papier benutzte man Heu\u201c: Zur\u00fcck in der Zeit, als man sich im Scheissgraben erleichterte, Limmattaler Zeitung, 24.08.2020, <a href=\"https:\/\/www.limmattalerzeitung.ch\/limmattal\/zuerich\/als-wc-papier-benutzte-man-heu-zuruck-in-der-zeit-als-man-sich-im-scheissgraben-erleichterte-ld.1249574\">https:\/\/www.limmattalerzeitung.ch\/limmattal\/zuerich\/als-wc-papier-benutzte-man-heu-zuruck-in-der-zeit-als-man-sich-im-scheissgraben-erleichterte-ld.1249574<\/a>, Stand: 24.11.2023.<\/p>\n\n\n\n<p class=\"has-small-font-size\"><\/p>\n\n\n\n<p class=\"has-small-font-size\"><\/p>\n<\/div>\n<\/div>\n<\/div>\n\n\n\n<p><\/p>\n\n\n\n<p class=\"has-small-font-size\"><br><\/p>\n","protected":false},"excerpt":{"rendered":"<p>Zwischen den Geb\u00e4uden Schiffl\u00e4nde 30 und 32 im Z\u00fcrcher Niederdorf versteckt sich eine unauff\u00e4llige braune Holzt\u00fcr. Durch sie gelangt man in einen unterirdischen Tunnel. Kaum einer w\u00fcrde ahnen, dass dieser \u201eGeheimort\u201c eine ziemlich \u00fcbelriechende Vergangenheit hat. <\/p>\n","protected":false},"author":884,"featured_media":2632,"comment_status":"closed","ping_status":"closed","sticky":false,"template":"","format":"standard","meta":{"footnotes":""},"categories":[77,23,19,18,98,90,121,9,75,1,28,32,27,5],"tags":[],"class_list":{"0":"post-2485","1":"post","2":"type-post","3":"status-publish","4":"format-standard","5":"has-post-thumbnail","7":"category-15-jahrhundert","8":"category-16-jahrhundert","9":"category-17-jahrhundert","10":"category-18-jahrhundert","11":"category-epidemiologie","12":"category-fachbereich","13":"category-hygiene","14":"category-institution","15":"category-mittelalter","16":"category-ort","17":"category-stadtkreis-1","18":"category-stadtkreis-5","19":"category-wohnhaus","20":"category-zeit","21":"czr-hentry"},"_links":{"self":[{"href":"https:\/\/dlf.uzh.ch\/sites\/medizingeschichte\/wp-json\/wp\/v2\/posts\/2485","targetHints":{"allow":["GET"]}}],"collection":[{"href":"https:\/\/dlf.uzh.ch\/sites\/medizingeschichte\/wp-json\/wp\/v2\/posts"}],"about":[{"href":"https:\/\/dlf.uzh.ch\/sites\/medizingeschichte\/wp-json\/wp\/v2\/types\/post"}],"author":[{"embeddable":true,"href":"https:\/\/dlf.uzh.ch\/sites\/medizingeschichte\/wp-json\/wp\/v2\/users\/884"}],"replies":[{"embeddable":true,"href":"https:\/\/dlf.uzh.ch\/sites\/medizingeschichte\/wp-json\/wp\/v2\/comments?post=2485"}],"version-history":[{"count":9,"href":"https:\/\/dlf.uzh.ch\/sites\/medizingeschichte\/wp-json\/wp\/v2\/posts\/2485\/revisions"}],"predecessor-version":[{"id":2654,"href":"https:\/\/dlf.uzh.ch\/sites\/medizingeschichte\/wp-json\/wp\/v2\/posts\/2485\/revisions\/2654"}],"wp:featuredmedia":[{"embeddable":true,"href":"https:\/\/dlf.uzh.ch\/sites\/medizingeschichte\/wp-json\/wp\/v2\/media\/2632"}],"wp:attachment":[{"href":"https:\/\/dlf.uzh.ch\/sites\/medizingeschichte\/wp-json\/wp\/v2\/media?parent=2485"}],"wp:term":[{"taxonomy":"category","embeddable":true,"href":"https:\/\/dlf.uzh.ch\/sites\/medizingeschichte\/wp-json\/wp\/v2\/categories?post=2485"},{"taxonomy":"post_tag","embeddable":true,"href":"https:\/\/dlf.uzh.ch\/sites\/medizingeschichte\/wp-json\/wp\/v2\/tags?post=2485"}],"curies":[{"name":"wp","href":"https:\/\/api.w.org\/{rel}","templated":true}]}}