{"id":1384,"date":"2023-03-29T17:14:26","date_gmt":"2023-03-29T15:14:26","guid":{"rendered":"https:\/\/dlf.uzh.ch\/sites\/medizingeschichte\/?p=1384"},"modified":"2024-12-01T16:35:32","modified_gmt":"2024-12-01T15:35:32","slug":"der-alte-botanische-garten","status":"publish","type":"post","link":"https:\/\/dlf.uzh.ch\/sites\/medizingeschichte\/der-alte-botanische-garten\/","title":{"rendered":"Der Gessner Garten"},"content":{"rendered":"\n<h3 class=\"wp-block-heading\">Gr\u00fcne Quelle inmitten der grauen Betonlandschaft<\/h3>\n\n\n\n<p>Talstrasse 71, 8001 Z\u00fcrich (<a href=\"https:\/\/www.google.com\/maps\/d\/edit?mid=1mdJpaZOFrjwkidVhprBC_38phlQB7J0&amp;ll=47.37103224000896%2C8.534732649999981&amp;z=17\" data-type=\"URL\" data-id=\"https:\/\/www.google.com\/maps\/d\/edit?mid=1mdJpaZOFrjwkidVhprBC_38phlQB7J0&amp;ll=47.37103224000896%2C8.534732649999981&amp;z=17\" target=\"_blank\" rel=\"noreferrer noopener\">Karte<\/a>)<\/p>\n\n\n\n<h5 class=\"wp-block-heading\">von Leandra Frey<\/h5>\n\n\n\n<p class=\"has-cyan-bluish-gray-background-color has-background\">Gr\u00fcn &#8211; Grau, Natur &#8211; Beton, Historisch &#8211; Modern.                                                                                 Bei einem Spaziergang auf diesem H\u00fcgel nahe der Bahnhofstrasse f\u00e4llt einem so mancher Kontrast auf. Doch was steckt dahinter?<\/p>\n\n\n\n<figure class=\"wp-block-image size-large is-resized\"><img loading=\"lazy\" decoding=\"async\" src=\"https:\/\/dlf.uzh.ch\/sites\/medizingeschichte\/files\/2023\/03\/0C5350D3-A121-4315-9605-B2D8D0D69A54-1024x768.jpeg\" alt=\"\" class=\"wp-image-1386\" width=\"680\" height=\"510\" srcset=\"https:\/\/dlf.uzh.ch\/sites\/medizingeschichte\/files\/2023\/03\/0C5350D3-A121-4315-9605-B2D8D0D69A54-1024x768.jpeg 1024w, https:\/\/dlf.uzh.ch\/sites\/medizingeschichte\/files\/2023\/03\/0C5350D3-A121-4315-9605-B2D8D0D69A54-300x225.jpeg 300w, https:\/\/dlf.uzh.ch\/sites\/medizingeschichte\/files\/2023\/03\/0C5350D3-A121-4315-9605-B2D8D0D69A54-768x576.jpeg 768w, https:\/\/dlf.uzh.ch\/sites\/medizingeschichte\/files\/2023\/03\/0C5350D3-A121-4315-9605-B2D8D0D69A54-1536x1152.jpeg 1536w, https:\/\/dlf.uzh.ch\/sites\/medizingeschichte\/files\/2023\/03\/0C5350D3-A121-4315-9605-B2D8D0D69A54-2048x1536.jpeg 2048w\" sizes=\"auto, (max-width: 680px) 100vw, 680px\" \/><figcaption class=\"wp-element-caption\">Abb.1: Blick auf den Kr\u00e4utergarten mit dem Gessner Denkmal im Zentrum.<\/figcaption><\/figure>\n\n\n\n<h5 class=\"wp-block-heading\">Ein Garten f\u00fcr Businessleute<\/h5>\n\n\n\n<p>Wenn man auf diesem H\u00fcgel herumspaziert, auf einem der vielen B\u00e4nkchen die Sonne geniest oder sich mit der Vielfalt der Pflanzenwelt auseinandersetzt, mag es einem scheinen, als stehe die Zeit still. Zwar verm\u00f6gen B\u00e4ume und B\u00fcsche die umgebenden Betonbauten nicht ganz abzuschirmen, doch die vielen sch\u00f6nen Pl\u00e4tzchen im Gr\u00fcnen laden zur Entspannung und Entschleunigung ein.<\/p>\n\n\n\n<p>Kein Wunder ist dieser Ort mittags so gut von Gesch\u00e4ftsm\u00e4nnern und -frauen besucht, die die Gelegenheit nutzen, ihren Lunch im Gr\u00fcnen zu geniessen und den Kopf vom Arbeitsstress auszul\u00fcften.<\/p>\n\n\n\n<p>Wer kam auf die Idee, diese gr\u00fcne Oase inmitten von Z\u00fcrichs Gesch\u00e4ftsquartieren zu pflanzen und was hat dieser Ort mit Medizingeschichte zu tun?<\/p>\n\n\n\n<p><strong>Vom Bollwerk zum Universit\u00e4tsgarten &#8211; Die Geschichte des Ortes<\/strong><\/p>\n\n\n\n<div class=\"wp-block-columns is-layout-flex wp-container-core-columns-is-layout-9d6595d7 wp-block-columns-is-layout-flex\">\n<div class=\"wp-block-column is-layout-flow wp-block-column-is-layout-flow\" style=\"flex-basis:100%\">\n<div class=\"wp-block-group\"><div class=\"wp-block-group__inner-container is-layout-flow wp-block-group-is-layout-flow\">\n<figure class=\"wp-block-table is-style-stripes\"><table><tbody><tr><td><strong>Die zeitliche Entwicklung<\/strong><\/td><td><\/td><\/tr><tr><td>18. Jh.<\/td><td>Der H\u00fcgel bildete als Bollwerk einen Teil der Z\u00fcrcher Stadtbefestigung. Auf ihm waren Gesch\u00fctze stationiert, die man damals als \u201eKatzen\u201c bezeichnete. Daher wurde der H\u00fcgel fr\u00fcher \u201eBollwerk zur Katz\u201c genannt.<\/td><\/tr><tr><td>seit 1833<\/td><td>Als 1833 die Universit\u00e4t Z\u00fcrich gegr\u00fcndet wurde, \u00fcbernahm diese den H\u00fcgel und schaffte aus dem ehemaligen Kriegsort einen Ort der Natur, Wissenschaft und Ruhe. <\/td><\/tr><tr><td>1851<\/td><td>Er\u00f6ffnung des unter Denkmalschutz stehenden Palmenhauses.<\/td><\/tr><tr><td>1971<\/td><td>Volksentscheid \u00fcber den Bau eines neuen botanischen Gartens, da eine Ausdehnung des Gel\u00e4ndes durch die umgebenden Bauten unm\u00f6glich war.<\/td><\/tr><tr><td>1977<\/td><td>Er\u00f6ffnung des Neuen Botanischen Gartens an der Zollikerstrasse im Kreis 8.<\/td><\/tr><tr><td>1997<\/td><td>Er\u00f6ffnung des Gessner Gartens (historischer Kr\u00e4utergarten) auf der H\u00fcgelkuppe.<\/td><\/tr><\/tbody><\/table><\/figure>\n<\/div><\/div>\n\n\n\n<figure class=\"wp-block-image size-large\"><img loading=\"lazy\" decoding=\"async\" width=\"1024\" height=\"576\" src=\"https:\/\/dlf.uzh.ch\/sites\/medizingeschichte\/files\/2023\/04\/323B95B3-7EBA-4F43-8CD6-FBB99FC75D34-1024x576.jpeg\" alt=\"\" class=\"wp-image-1408\" srcset=\"https:\/\/dlf.uzh.ch\/sites\/medizingeschichte\/files\/2023\/04\/323B95B3-7EBA-4F43-8CD6-FBB99FC75D34-1024x576.jpeg 1024w, https:\/\/dlf.uzh.ch\/sites\/medizingeschichte\/files\/2023\/04\/323B95B3-7EBA-4F43-8CD6-FBB99FC75D34-300x169.jpeg 300w, https:\/\/dlf.uzh.ch\/sites\/medizingeschichte\/files\/2023\/04\/323B95B3-7EBA-4F43-8CD6-FBB99FC75D34-768x432.jpeg 768w, https:\/\/dlf.uzh.ch\/sites\/medizingeschichte\/files\/2023\/04\/323B95B3-7EBA-4F43-8CD6-FBB99FC75D34-1536x864.jpeg 1536w, https:\/\/dlf.uzh.ch\/sites\/medizingeschichte\/files\/2023\/04\/323B95B3-7EBA-4F43-8CD6-FBB99FC75D34-2048x1152.jpeg 2048w, https:\/\/dlf.uzh.ch\/sites\/medizingeschichte\/files\/2023\/04\/323B95B3-7EBA-4F43-8CD6-FBB99FC75D34-1110x624.jpeg 1110w, https:\/\/dlf.uzh.ch\/sites\/medizingeschichte\/files\/2023\/04\/323B95B3-7EBA-4F43-8CD6-FBB99FC75D34-528x297.jpeg 528w\" sizes=\"auto, (max-width: 1024px) 100vw, 1024px\" \/><figcaption class=\"wp-element-caption\">Abb.2: Bl\u00fchender Gessner Garten.<\/figcaption><\/figure>\n\n\n\n<p>Gessner Garten<\/p>\n\n\n\n<p>Namensgeber dieses im fr\u00fchneuzeitlichen Stil angelegten Gartens ist der Schweizer Universalgelehrte Conrad Gessner, der von 1516 bis 1565 lebte. Sein Andenken ist mit vielen Titeln geschm\u00fcckt, unter anderem dem des Arztes und Naturforschers. Schon fr\u00fch entdeckte Conrad Gessner, im Garten seines Grossonkels spielend, dem damaligen Kaplan des Z\u00fcrcher Grossm\u00fcnsters, seine Liebe zur Botanik. Er erlernte viele Sprachen und verf\u00fcgte diesbez\u00fcglich \u00fcber eine grosse Begabung und Wortgewandtheit, was seinen sp\u00e4teren Erfolg als Herausgeber vieler Schriften miterkl\u00e4rt. Er bildete sich zudem im Bereich der Medizin und Naturwissenschaften und wurde schliesslich Professor f\u00fcr Physik an der Hohen Schule, dem Vorl\u00e4ufer der heutigen Eidgen\u00f6ssischen Technischen Hochschule (ETH), und liess sich zudem als Arzt in Z\u00fcrich nieder.<\/p>\n\n\n\n<p>Im Jahre 1554 wurde er zum Stadtarzt ernannt und f\u00fcnf Jahre sp\u00e4ter erhielt er die Ehre, zu Kaiser Ferdinand I. nach Augsburg an den Hof zu gehen.<\/p>\n\n\n\n<p>Conrad Gessner verfasste im Laufe seines eher kurzen Lebens viele Schriften zu unterschiedlichen Themen, darunter zur Botanik. So beschreibt das botanische Werk \u201eStirpium historia\u201c (1553) zum Beispiel die Bedeutung von Pflanzenteilen, insbesondere der Bl\u00fcten. Im letzten Lebensjahrzehnt Gessners arbeitete dieser an einer Gesamtdarstellung des Pflanzenreichs, der \u201eHistoria Plantarum\u201c. Er konnte das Werk jedoch nicht mehr vollenden und erst knapp 200 Jahre sp\u00e4ter, im Jahre 1751, wurden Teile davon durch Casimir Christoph Schmidel unter dem Titel \u201eOpera botanica\u201c ver\u00f6ffentlicht. Gessner versuchte ausserdem eine Systematik in die Vielfalt der Pflanzenwelt zu bringen, wof\u00fcr er auch \u201eVersuchsg\u00e4rten\u201c anlegte.<\/p>\n\n\n\n<p>Die Urspr\u00fcnge des ersten Botanischen Gartens in Z\u00fcrich gehen auf Gessners Kr\u00e4utergarten zur\u00fcck. Wo dieser genau lag, ist jedoch unklar. Circa 200 Jahre sp\u00e4ter legte Johannes Gessner (1709-1790), ein Nachfahre Gessners, in Zusammenarbeit mit der Naturforschenden Gesellschaft, die 1746 gegr\u00fcndet wurde, einen botanischen Garten an. Man nannte diesen Garten \u201eSchimmelgut\u201c.<\/p>\n\n\n\n<p>Mit der Gr\u00fcndung der Universit\u00e4t Z\u00fcrich 1833 \u00fcbernahm diese den Garten, welcher dann an den heutigen Standort auf dem Bollwerk verlegt wurde. Leopold Fr\u00f6bel, der universit\u00e4re G\u00e4rtner, wurde daraufhin mit der Gestaltung des Gartens beauftragt.<\/p>\n\n\n\n<p>Im Jahre 1997 er\u00f6ffnete auf der H\u00fcgelkuppe des Gartens schliesslich der sogenannte \u201eGessner Garten\u201c, ein Kr\u00e4utergarten im fr\u00fchneuzeitlich Stil, wie Conrad Gessner ihn wohl gepflegt hatte. Die Umsetzung des Gartens erfolgte durch ein privatwirtschaftliches Gartenbauunternehmen, die Finanzierung wurde von der Stiftung \u201ePro Katz\u201c \u00fcbernommen.<\/p>\n\n\n\n<p>Rund f\u00fcnfzig Heilpflanzen wachsen im Kr\u00e4utergarten, jede davon mit einem zeitgen\u00f6ssischen Zitat eines Heilkundigen fr\u00fcherer Zeiten versehen. Am Nordende, in der Mitte des Platzes, wacht eine B\u00fcste Gessners \u00fcber die Pflanzen und sorgt daf\u00fcr, dass man auch nicht vergisst, wem dieser Garten gewidmet ist.<\/p>\n<\/div>\n<\/div>\n\n\n\n<figure class=\"wp-block-image size-large is-resized is-style-default\"><img loading=\"lazy\" decoding=\"async\" src=\"https:\/\/dlf.uzh.ch\/sites\/medizingeschichte\/files\/2023\/04\/6E63ED77-970A-4807-8FC0-B85A9645968A-683x1024.jpeg\" alt=\"\" class=\"wp-image-1409\" width=\"722\" height=\"1083\" srcset=\"https:\/\/dlf.uzh.ch\/sites\/medizingeschichte\/files\/2023\/04\/6E63ED77-970A-4807-8FC0-B85A9645968A-683x1024.jpeg 683w, https:\/\/dlf.uzh.ch\/sites\/medizingeschichte\/files\/2023\/04\/6E63ED77-970A-4807-8FC0-B85A9645968A-200x300.jpeg 200w, https:\/\/dlf.uzh.ch\/sites\/medizingeschichte\/files\/2023\/04\/6E63ED77-970A-4807-8FC0-B85A9645968A-768x1152.jpeg 768w, https:\/\/dlf.uzh.ch\/sites\/medizingeschichte\/files\/2023\/04\/6E63ED77-970A-4807-8FC0-B85A9645968A-1024x1536.jpeg 1024w, https:\/\/dlf.uzh.ch\/sites\/medizingeschichte\/files\/2023\/04\/6E63ED77-970A-4807-8FC0-B85A9645968A-1365x2048.jpeg 1365w, https:\/\/dlf.uzh.ch\/sites\/medizingeschichte\/files\/2023\/04\/6E63ED77-970A-4807-8FC0-B85A9645968A-scaled.jpeg 1707w\" sizes=\"auto, (max-width: 722px) 100vw, 722px\" \/><figcaption class=\"wp-element-caption\">Abb.3: Gessner Denkmal.<\/figcaption><\/figure>\n\n\n\n<h6 class=\"wp-block-heading\">Bildquellen<\/h6>\n\n\n\n<p class=\"has-small-font-size\">Abb. 1: Leandra Frey, 14.03.2023.<br>Abb. 2: https:\/\/www.stadt-zuerich.ch\/ted\/de\/index\/gsz\/natur-erleben\/park-und-gruenanlagen\/parkanlagen-von-az\/alter-botanischer-garten.html<br>Abb. 3: https:\/\/de.m.wikipedia.org\/wiki\/Datei:Alter_Botanischer_Garten_Z\u00fcrich_-_Conrad_Gessner_2012-10-22_15-11-55.JPG<\/p>\n\n\n\n<h6 class=\"wp-block-heading\">Literatur<\/h6>\n\n\n\n<p class=\"has-small-font-size\">https:\/\/de.wikipedia.org\/wiki\/Conrad_Gessner<\/p>\n\n\n\n<p class=\"has-small-font-size\">https:\/\/de.wikipedia.org\/wiki\/Alter_Botanischer_Garten_Z\u00fcrich<\/p>\n\n\n\n<p class=\"has-small-font-size\">Urs B. Leu: &#8222;Gessner, Konrad&#8220;, in: Historisches Lexikon der Schweiz (HLS), Version vom 08.05.2020. Online: https:\/\/hls-dhs-dss.ch\/de\/articles\/014376\/2020-05-08\/, konsultiert am 01.05.2023.&nbsp;<\/p>\n\n\n\n<p class=\"has-small-font-size\"><br><\/p>\n","protected":false},"excerpt":{"rendered":"<p>Namensgeber dieses im fr\u00fchneuzeitlichen Stil angelegten Gartens ist der Schweizer Universalgelehrte Conrad Gessner, der von 1516 bis 1565 lebte. <\/p>\n","protected":false},"author":838,"featured_media":1386,"comment_status":"open","ping_status":"open","sticky":false,"template":"","format":"standard","meta":{"footnotes":""},"categories":[23,120,7,57,90,71,9,1,10,95,28,5],"tags":[86],"class_list":{"0":"post-1384","1":"post","2":"type-post","3":"status-publish","4":"format-standard","5":"has-post-thumbnail","7":"category-16-jahrhundert","8":"category-19-jahrhundert","9":"category-20-jahrhundert","10":"category-21-jahrhundert","11":"category-fachbereich","12":"category-garten","13":"category-institution","14":"category-ort","15":"category-person","16":"category-pharmazie","17":"category-stadtkreis-1","18":"category-zeit","19":"tag-conrad-gessner","20":"czr-hentry"},"_links":{"self":[{"href":"https:\/\/dlf.uzh.ch\/sites\/medizingeschichte\/wp-json\/wp\/v2\/posts\/1384","targetHints":{"allow":["GET"]}}],"collection":[{"href":"https:\/\/dlf.uzh.ch\/sites\/medizingeschichte\/wp-json\/wp\/v2\/posts"}],"about":[{"href":"https:\/\/dlf.uzh.ch\/sites\/medizingeschichte\/wp-json\/wp\/v2\/types\/post"}],"author":[{"embeddable":true,"href":"https:\/\/dlf.uzh.ch\/sites\/medizingeschichte\/wp-json\/wp\/v2\/users\/838"}],"replies":[{"embeddable":true,"href":"https:\/\/dlf.uzh.ch\/sites\/medizingeschichte\/wp-json\/wp\/v2\/comments?post=1384"}],"version-history":[{"count":9,"href":"https:\/\/dlf.uzh.ch\/sites\/medizingeschichte\/wp-json\/wp\/v2\/posts\/1384\/revisions"}],"predecessor-version":[{"id":2168,"href":"https:\/\/dlf.uzh.ch\/sites\/medizingeschichte\/wp-json\/wp\/v2\/posts\/1384\/revisions\/2168"}],"wp:featuredmedia":[{"embeddable":true,"href":"https:\/\/dlf.uzh.ch\/sites\/medizingeschichte\/wp-json\/wp\/v2\/media\/1386"}],"wp:attachment":[{"href":"https:\/\/dlf.uzh.ch\/sites\/medizingeschichte\/wp-json\/wp\/v2\/media?parent=1384"}],"wp:term":[{"taxonomy":"category","embeddable":true,"href":"https:\/\/dlf.uzh.ch\/sites\/medizingeschichte\/wp-json\/wp\/v2\/categories?post=1384"},{"taxonomy":"post_tag","embeddable":true,"href":"https:\/\/dlf.uzh.ch\/sites\/medizingeschichte\/wp-json\/wp\/v2\/tags?post=1384"}],"curies":[{"name":"wp","href":"https:\/\/api.w.org\/{rel}","templated":true}]}}