{"id":1361,"date":"2023-03-26T20:37:48","date_gmt":"2023-03-26T18:37:48","guid":{"rendered":"https:\/\/dlf.uzh.ch\/sites\/medizingeschichte\/?p=1361"},"modified":"2024-12-01T16:34:21","modified_gmt":"2024-12-01T15:34:21","slug":"checkpoint-zuerich","status":"publish","type":"post","link":"https:\/\/dlf.uzh.ch\/sites\/medizingeschichte\/checkpoint-zuerich\/","title":{"rendered":"Der &#8222;Checkpoint Z\u00fcrich&#8220;"},"content":{"rendered":"\n<h3 class=\"wp-block-heading has-black-color has-text-color\">Wie eine HIV-Anlaufstelle neue Formen der Medizin nach Z\u00fcrich brachte<\/h3>\n\n\n\n<p>Konradstrasse 1, 8005 Z\u00fcrich (<a href=\"https:\/\/www.google.com\/maps\/d\/edit?mid=1mdJpaZOFrjwkidVhprBC_38phlQB7J0&amp;ll=47.379904232675955%2C8.537217250000001&amp;z=17\" data-type=\"URL\" data-id=\"https:\/\/www.google.com\/maps\/d\/edit?mid=1mdJpaZOFrjwkidVhprBC_38phlQB7J0&amp;ll=47.379904232675955%2C8.537217250000001&amp;z=17\" target=\"_blank\" rel=\"noreferrer noopener\">Karte<\/a>)<\/p>\n\n\n\n<h5 class=\"wp-block-heading\">von Billy Haag<\/h5>\n\n\n\n<p class=\"has-text-align-center\">Der Checkpoint Z\u00fcrich war und ist ein wichtiger Teil in der Geschichte der HIV-Pr\u00e4vention. Er rettet aber nicht nur kranke Leben, sondern zeigt sich als Beispiel moderner, queer-freundlichen Medizin. <\/p>\n\n\n\n<p class=\"has-pale-cyan-blue-color has-text-color has-background\" style=\"background-color:#ef3c3c;font-size:1px\"><\/p>\n\n\n\n<div class=\"wp-block-group\"><div class=\"wp-block-group__inner-container is-layout-constrained wp-block-group-is-layout-constrained\">\n<h5 class=\"wp-block-heading\">Die Lage &#8211; unscheinbar offensichtlich<\/h5>\n\n\n\n<figure class=\"wp-block-image size-large is-resized\"><img loading=\"lazy\" decoding=\"async\" src=\"https:\/\/dlf.uzh.ch\/sites\/medizingeschichte\/files\/2023\/03\/IMG_0373-scaled-e1681566006686-1024x952.jpg\" alt=\"\" class=\"wp-image-1442\" width=\"487\" height=\"453\" srcset=\"https:\/\/dlf.uzh.ch\/sites\/medizingeschichte\/files\/2023\/03\/IMG_0373-scaled-e1681566006686-1024x952.jpg 1024w, https:\/\/dlf.uzh.ch\/sites\/medizingeschichte\/files\/2023\/03\/IMG_0373-scaled-e1681566006686-300x279.jpg 300w, https:\/\/dlf.uzh.ch\/sites\/medizingeschichte\/files\/2023\/03\/IMG_0373-scaled-e1681566006686-768x714.jpg 768w, https:\/\/dlf.uzh.ch\/sites\/medizingeschichte\/files\/2023\/03\/IMG_0373-scaled-e1681566006686-1536x1428.jpg 1536w, https:\/\/dlf.uzh.ch\/sites\/medizingeschichte\/files\/2023\/03\/IMG_0373-scaled-e1681566006686-270x250.jpg 270w, https:\/\/dlf.uzh.ch\/sites\/medizingeschichte\/files\/2023\/03\/IMG_0373-scaled-e1681566006686.jpg 1920w\" sizes=\"auto, (max-width: 487px) 100vw, 487px\" \/><figcaption class=\"wp-element-caption\"><sup>Bild 2: Konradstrasse 1 (Fotograf*in: Checkpoint Z\u00fcrich, 2022)<\/sup><\/figcaption><\/figure>\n\n\n\n<p>Gleich am Ende der Zollbr\u00fccke winkt uns ein grosses Haus im Gr\u00fcndungsstilbau entgegen. Hier stand der Checkpoint Z\u00fcrich, \u2013 die HIV-Anlauf- und Beratungsstelle von Z\u00fcrich.<br>Um den Bau ist rund um die Uhr was los. Ein Gewimmel von Menschen mit Brummen von Motoren und Quietschen von Zugbremsen umh\u00fcllt das alte Haus.<\/p>\n\n\n\n<p>Das Geb\u00e4ude ist Teil des Industrieviertels von Z\u00fcrich. Mit der Langstrasse ist es wohl der Hotspot des Z\u00fcrchers Nachtlebens.<br>Bis vor Kurzem war der Sihlquai (die Strasse gleich an der vorderen Hausfront) der Z\u00fcrcher Strassenstrich. Es ist also nicht verwunderlich, dass hier eine Fachstelle zu sexueller Gesundheit stand:<\/p>\n\n\n\n<p>Einerseits durch die N\u00e4he zum ganzen Geschehen wirkte der Ort mehr verbunden mit den Menschen.<br>Andererseits liess die stark frequentierte Umgebung den Menschen eine extreme Anonymit\u00e4t zu. Etwas, was &#8211; wenn es um auch heute noch stigmatisierte Themen geht &#8211; vermutlich gesch\u00e4tzt wurde. <br>Gleichzeitig sollte der Checkpoint auch nicht versteckt wirken. Die Regenbogenfahnen zeigen das deutlich. <\/p>\n\n\n\n<p><br><br><\/p>\n<\/div><\/div>\n\n\n\n<p class=\"has-pale-cyan-blue-color has-luminous-vivid-orange-background-color has-text-color has-background\" style=\"font-size:1px\"><\/p>\n\n\n\n<div class=\"wp-block-group\"><div class=\"wp-block-group__inner-container is-layout-constrained wp-block-group-is-layout-constrained\">\n<h5 class=\"wp-block-heading\">Altes Haus&#8230;<\/h5>\n\n\n\n<p>Das urspr\u00fcngliche Wohnhaus wurde im Jahr 1876 vom Gastwirt Konrad Schneebeli erbaut. (Er gab der Konradstrasse auch ihren Namen).<br>Seine Wirtschaft &#8222;Zum Vorbahnhof&#8220; ist heute noch in Betrieb und wird als Brasserie gef\u00fchrt.<\/p>\n\n\n\n<p>Bei einem Blick \u00fcber den Restauranteingang leuchteten zahlreiche Regenbogenfahnen. Hier in den oberen drei Stockwerken hatte sich im Jahr 2006 der Checkpoint-Z\u00fcrich niedergelassen.<br>Das Haus wurde auch wegen seiner N\u00e4he zur Drogenfachstelle gew\u00e4hlt.<\/p>\n\n\n\n<p>Die inneren R\u00e4umlichkeiten mussten erst noch renoviert werden. Doch die Grundstruktur eines Wohnhauses blieb dennoch bestehen.<br>Enge Flure, knarrendes Parkett oder enge Fenster zum Hof standen im zeitlichen Kontrast mit den offen ausgelegten Sch\u00fcsseln voller Kondomen, den Pride-Zeitschriften und den Safer-Sex Postern.<\/p>\n\n\n\n<p>Bei unseren heutigen Vorstellungen einer Gesundheitseinrichtung w\u00fcrde man hier nicht auf eine Praxis schliessen.<\/p>\n\n\n\n<p><\/p>\n\n\n\n<figure class=\"wp-block-image size-large\"><img loading=\"lazy\" decoding=\"async\" width=\"1024\" height=\"736\" src=\"https:\/\/dlf.uzh.ch\/sites\/medizingeschichte\/files\/2023\/04\/Konradstrasse1980-2-1024x736.jpg\" alt=\"\" class=\"wp-image-1458\" srcset=\"https:\/\/dlf.uzh.ch\/sites\/medizingeschichte\/files\/2023\/04\/Konradstrasse1980-2-1024x736.jpg 1024w, https:\/\/dlf.uzh.ch\/sites\/medizingeschichte\/files\/2023\/04\/Konradstrasse1980-2-300x215.jpg 300w, https:\/\/dlf.uzh.ch\/sites\/medizingeschichte\/files\/2023\/04\/Konradstrasse1980-2-768x552.jpg 768w, https:\/\/dlf.uzh.ch\/sites\/medizingeschichte\/files\/2023\/04\/Konradstrasse1980-2-1536x1103.jpg 1536w, https:\/\/dlf.uzh.ch\/sites\/medizingeschichte\/files\/2023\/04\/Konradstrasse1980-2-2048x1471.jpg 2048w\" sizes=\"auto, (max-width: 1024px) 100vw, 1024px\" \/><figcaption class=\"wp-element-caption\"><sup>Bild 1: Konradstrasse 1 (Fotografin: Baugeschichtliches Archiv Stadt Z\u00fcrich (1980))<\/sup><\/figcaption><\/figure>\n\n\n\n<div style=\"height:13px\" aria-hidden=\"true\" class=\"wp-block-spacer\"><\/div>\n<\/div><\/div>\n\n\n\n<p class=\"has-luminous-vivid-amber-background-color has-background\" style=\"font-size:1px\"><\/p>\n\n\n\n<div class=\"wp-block-group\"><div class=\"wp-block-group__inner-container is-layout-constrained wp-block-group-is-layout-constrained\">\n<h5 class=\"wp-block-heading\">&#8230; &#8211; Alte Ideen &#8211; &#8230;<\/h5>\n\n\n\n<p>Der Checkpoint in seiner Anfangsform entsprach einer Anlaufstelle f\u00fcr m\u00e4nnliche Sexarbeiter, die Sex mit M\u00e4nnern haben (MSM).<br>Die HIV-Ansteckungsraten waren bei dieser Gruppe besonders hoch: Mit Testen, Beraten und Aufkl\u00e4ren wollte man auch pr\u00e4ventiv Schutz bieten.<\/p>\n\n\n\n<p>Das Projekt entstand aus einer Zusammenarbeit der Z\u00fcrcher AIDS-Hilfe (ZAH) und der Arud (Zentrum f\u00fcr Suchtmedizin). Unterst\u00fctz wurde es von Stadt und Kanton.<br>Ein gemeinsames Ziel: Die Infektionszahlen unter MSM sollen sinken.<\/p>\n\n\n\n<p>Unterst\u00fctzung dieser HIV-Risikogruppe ist in Z\u00fcrich kein Novum. Bereits im Jahr 1998 wurde das Projekt &#8222;Herrmann&#8220; vom Verein Z\u00fcrcher Sozialprojekte realisiert. Auch hier gab es Unterst\u00fctzung von der Stadt.<br>(Im Stadtrat wollte man dazumal noch mit einem Referendum gegen die Kostenzusprache von 30&#8217;000 Franken sprechen)<\/p>\n\n\n\n<p>Beide Projekte wurden also als Reaktion auf steigende Infektionszahlen ins Leben gerufen.<\/p>\n\n\n\n<p><\/p>\n\n\n\n<div style=\"height:24px\" aria-hidden=\"true\" class=\"wp-block-spacer\"><\/div>\n<\/div><\/div>\n\n\n\n<p class=\"has-text-color has-background\" style=\"color:#3cac14;background-color:#3cac14;font-size:1px\"><\/p>\n\n\n\n<div class=\"wp-block-group\"><div class=\"wp-block-group__inner-container is-layout-constrained wp-block-group-is-layout-constrained\">\n<h5 class=\"wp-block-heading\">&#8230; neue Umsetzung!<\/h5>\n\n\n\n<blockquote class=\"wp-block-quote has-text-align-center is-style-plain is-layout-flow wp-block-quote-is-layout-flow\" style=\"font-size:18px\">\n<p class=\"has-text-align-center\">[&#8230;]<br>Durch die \u00e4rztlich geleitete Sprechstunde ist ein<br>umfassendes Angebot m\u00f6glich. So k\u00f6nnen nebst<br>der Vor- und Nachtestberatung f\u00fcr HIV-Tests<br>auch eine STI-Diagnostik, Impfungen und Therapien angeboten werden.<\/p>\n<cite><sub><em>Philip Bruggmann<\/em><\/sub> <sub>&#8211; Schweizerische \u00c4rztezeitung, 2007<\/sub><\/cite><\/blockquote>\n\n\n\n<p><br>Die Ansteckungsraten forderten eine Massnahme, aber nicht nur die Zahlen sprachen daf\u00fcr. Es brauchte eine Anlaufstelle, wo ungezwungen und schamfrei \u00fcber Sexualkrankheiten gesprochen und aufgekl\u00e4rt werden konnte.<\/p>\n\n\n\n<p>Im Gegensatz zum Projekt Herrmann ist das Angebot beim Checkpoint viel breiter. Auch im Vergleich zu anderen derzeitigen Anlauforten. Dort wird &#8222;nur&#8220; auf HIV getestet. F\u00fcr alles andere mussten die Menschen \u00fcberwiesen werden, zum Beispiel an Haus\u00e4rzte. Dort war der ungezwungene Umgang mit dem Thema nicht leicht und externe Fachkr\u00e4fte waren obendrein oft nicht gut aufgekl\u00e4rt.<\/p>\n\n\n\n<p>Der Checkpoint bietet neben HIV-Testung auch Sprechstunden an, wobei m\u00f6glichst viel vor Ort immer in Kontakt mit den Menschen gemacht wird. Die Fachpersonen sind umfangreich informiert und aufgekl\u00e4rt.<br>Sie k\u00f6nnen so den Bed\u00fcrfnissen der Personengruppe bestens entgegenkommen.<\/p>\n\n\n\n<p>Der Checkpoint ist also eine neue Form der Medizin. Er bringt gesundheitliche und psychologische Beratung in einen gesch\u00fctzten Rahmen. So haben Betroffene eine grossfl\u00e4chige Unterst\u00fctzung auf minimal exponiertem Raum.<\/p>\n<\/div><\/div>\n\n\n\n<p class=\"has-background\" style=\"background-color:#172fb9;font-size:1px\"><\/p>\n\n\n\n<div class=\"wp-block-group\"><div class=\"wp-block-group__inner-container is-layout-constrained wp-block-group-is-layout-constrained\">\n<h5 class=\"wp-block-heading\">Heute &#8211; mehr als nur HIV und MSM<\/h5>\n\n\n\n<p>Der Checkpoint entwickelte sich in seiner kurzen Geschichte immerzu weiter. <br>Mit der Aufhebung des Strassenstrichs am Sihlquai ver\u00e4nderte sich seine Umgebung, doch getestet wird weiterhin.<br>Bei Grossanl\u00e4ssen, wie die Pride-Demonstration, findet man den Checkpoint als mobiles &#8222;Test-B\u00fcsschen&#8220;. Die N\u00e4he wird konstant gesucht.<\/p>\n\n\n\n<p>Zus\u00e4tzlich hat der Checkpoint in den letzten Jahren sein Angebot noch mehr ausgebaut. Besonders in Sachen wie Geschlecht-\/ Transgender-Beratung ist viel Neues dazu gekommen.<br>Die Zielgruppe umfasst heute alle Menschen, die Beratung, Unterst\u00fctzung oder einen sicheren Raum brauchen.<\/p>\n\n\n\n<figure class=\"wp-block-embed aligncenter is-type-video is-provider-youtube wp-block-embed-youtube wp-embed-aspect-16-9 wp-has-aspect-ratio\"><div class=\"wp-block-embed__wrapper\">\n<iframe loading=\"lazy\" title=\"Checkpoint Z\u00fcrich\" width=\"1140\" height=\"641\" src=\"https:\/\/www.youtube.com\/embed\/-OsEvHOnNcI?feature=oembed\" frameborder=\"0\" allow=\"accelerometer; autoplay; clipboard-write; encrypted-media; gyroscope; picture-in-picture; web-share\" referrerpolicy=\"strict-origin-when-cross-origin\" allowfullscreen><\/iframe>\n<\/div><\/figure>\n\n\n\n<p>So viele Angebote fordern viel Platz und bedeuten auch mehr Menschen. J\u00e4hrlich nehmen 30&#8217;000 Personen von ihnen gebrauch.<br>Da ist der Bau an der Konradstrasse nun an seine Grenzen gestossen.<\/p>\n<\/div><\/div>\n\n\n\n<p><\/p>\n\n\n\n<p class=\"has-background\" style=\"background-color:#711dbf;font-size:1px\"><\/p>\n\n\n\n<div class=\"wp-block-group\"><div class=\"wp-block-group__inner-container is-layout-constrained wp-block-group-is-layout-constrained\">\n<h5 class=\"wp-block-heading\">Zukunft <\/h5>\n\n\n\n<p>Der Checkpoint sieht das Kapazit\u00e4tsproblem als gute Chance, ein neues Kapitel aufzuschlagen. Im Jahr 2022 lancierte man ein Crowdfunding-Projekt zur Realisierung einer neuen \u00d6rtlichkeit:<\/p>\n\n\n\n<blockquote class=\"wp-block-quote is-style-plain is-layout-flow wp-block-quote-is-layout-flow\" style=\"font-size:16px;font-style:italic;font-weight:300\">\n<p>[&#8230;] Mittlerweile ist die Liegenschaft in die Jahre gekommen. Und Ihr Klient*innen seid euch heute moderne Praxisr\u00e4umlichkeiten gewohnt [&#8230;]. Gleichzeitig k\u00f6nnen wir am aktuellen Standort nicht mehr wachsen und euch keine neuen Dienstleistungen mehr anbieten.<\/p>\n<cite><sup><sub>cpzh.ch\/limmatstrasse<\/sub><\/sup><\/cite><\/blockquote>\n\n\n\n<p>Es sollte eine offene, grossz\u00fcgige R\u00e4umlichkeit entstehen, die weiteren neuen Gesundheitsangeboten f\u00fcr queere Menschen Platz schenken kann.<\/p>\n\n\n\n<p>Das neue Geb\u00e4ude an der Limmatstrasse 25 ist lediglich drei Minuten von dem aktuellen Standort an der Konradstrasse entfernt. Der Umzug fand im Mai 2023 statt.<\/p>\n\n\n\n<div class=\"wp-block-cover is-light has-custom-content-position is-position-bottom-center\" style=\"font-size:1px\"><span aria-hidden=\"true\" class=\"wp-block-cover__background has-background-dim-20 has-background-dim\"><\/span><img loading=\"lazy\" decoding=\"async\" width=\"2560\" height=\"2000\" class=\"wp-block-cover__image-background wp-image-1450\" alt=\"\" src=\"https:\/\/dlf.uzh.ch\/sites\/medizingeschichte\/files\/2023\/04\/checkpoint-limmatstrasse-fassade2-scaled-1.jpg\" data-object-fit=\"cover\" srcset=\"https:\/\/dlf.uzh.ch\/sites\/medizingeschichte\/files\/2023\/04\/checkpoint-limmatstrasse-fassade2-scaled-1.jpg 2560w, https:\/\/dlf.uzh.ch\/sites\/medizingeschichte\/files\/2023\/04\/checkpoint-limmatstrasse-fassade2-scaled-1-300x234.jpg 300w, https:\/\/dlf.uzh.ch\/sites\/medizingeschichte\/files\/2023\/04\/checkpoint-limmatstrasse-fassade2-scaled-1-1024x800.jpg 1024w, https:\/\/dlf.uzh.ch\/sites\/medizingeschichte\/files\/2023\/04\/checkpoint-limmatstrasse-fassade2-scaled-1-768x600.jpg 768w, https:\/\/dlf.uzh.ch\/sites\/medizingeschichte\/files\/2023\/04\/checkpoint-limmatstrasse-fassade2-scaled-1-1536x1200.jpg 1536w, https:\/\/dlf.uzh.ch\/sites\/medizingeschichte\/files\/2023\/04\/checkpoint-limmatstrasse-fassade2-scaled-1-2048x1600.jpg 2048w\" sizes=\"auto, (max-width: 2560px) 100vw, 2560px\" \/><div class=\"wp-block-cover__inner-container is-layout-flow wp-block-cover-is-layout-flow\">\n<p class=\"has-text-align-center has-background has-small-font-size\" style=\"background-color:#ffffffbf\">Bild 3: der geplante Neubau an der Limmatstrasse 25<\/p>\n<\/div><\/div>\n<\/div><\/div>\n\n\n\n<div style=\"height:100px\" aria-hidden=\"true\" class=\"wp-block-spacer\"><\/div>\n\n\n\n<p class=\"has-background\" style=\"background:linear-gradient(180deg,rgb(235,75,75) 0%,rgb(235,138,14) 20%,rgb(255,250,0) 41%,rgb(70,237,43) 60%,rgb(97,128,250) 80%,rgb(121,3,217) 100%);font-size:2px\"><\/p>\n\n\n\n<div class=\"wp-block-group\"><div class=\"wp-block-group__inner-container is-layout-constrained wp-block-group-is-layout-constrained\">\n<div class=\"wp-block-group\"><div class=\"wp-block-group__inner-container is-layout-constrained wp-block-group-is-layout-constrained\">\n<h6 class=\"wp-block-heading\">Bildquellen<\/h6>\n\n\n\n<p class=\"has-small-font-size\">Abb. 1: (Checkpoint Z\u00fcrich, Bastian Baumann, 2022)<br>Abb. 2: (<a href=\"https:\/\/baz.e-pics.ethz.ch\/catalog\/BAZ\/r\/60155\/viewmode=infoview\">E-Pics Baugeschichtliches Archiv (ethz.ch)<\/a>)<br>Abb. 3: (<a href=\"https:\/\/www.cpzh.ch\/limmatstrasse\/\">Limmatstrasse * Checkpoint Z\u00fcrich (cpzh.ch)<\/a>)<br>Video 1: (<a href=\"https:\/\/www.youtube.com\/watch?v=-OsEvHOnNcI\">Checkpoint Z\u00fcrich &#8211; YouTube<\/a>)<br><\/p>\n<\/div><\/div>\n\n\n\n<div class=\"wp-block-group\"><div class=\"wp-block-group__inner-container is-layout-constrained wp-block-group-is-layout-constrained\">\n<h6 class=\"wp-block-heading\">Literatur<\/h6>\n\n\n\n<p class=\"has-small-font-size\">Bruggmann, Philip: Checkpoint Z\u00fcrich \u2013 ein Gesundheitszentrum f\u00fcr MSM. Eine Antwort auf die Zunahme von HIV und andern Geschlechtskrankheiten bei MSM, 2007, <a href=\"https:\/\/saez.ch\/journalfile\/view\/article\/ezm_saez\/fr\/bms.2007.12509\/4cee34497ff66e5942b833e493e3fe00aa70ad4d\/bms_2007_12509.pdf\/rsrc\/jf\">Artikel Schweizerische \u00c4rztezeitung<\/a>, Stand: 05.2023<br>Checkpoint Z\u00fcrich, <a href=\"http:\/\/cpzh.ch\">cpzh.ch<\/a>, Stand: 05.2023<br><br><\/p>\n<\/div><\/div>\n<\/div><\/div>\n","protected":false},"excerpt":{"rendered":"<p>Wie ein Projekt AIDS den Kampf ansagte und zu einer lebensrettenden Institution wurde.<br \/>\nHier wurde bis im Mai 2023 LGBTQ-Geschichte geschrieben.<\/p>\n","protected":false},"author":837,"featured_media":1452,"comment_status":"closed","ping_status":"open","sticky":false,"template":"","format":"standard","meta":{"footnotes":""},"categories":[57,58,48,98,90,99,9,8,1,43,32,27,5],"tags":[59,60,61],"class_list":{"0":"post-1361","1":"post","2":"type-post","3":"status-publish","4":"format-standard","5":"has-post-thumbnail","7":"category-21-jahrhundert","8":"category-aids","9":"category-drogensucht","10":"category-epidemiologie","11":"category-fachbereich","12":"category-fuersorge","13":"category-institution","14":"category-krankheiten","15":"category-ort","16":"category-spezialinstitution","17":"category-stadtkreis-5","18":"category-wohnhaus","19":"category-zeit","20":"tag-aids","21":"tag-checkpoint","22":"tag-lgbtq","23":"czr-hentry"},"_links":{"self":[{"href":"https:\/\/dlf.uzh.ch\/sites\/medizingeschichte\/wp-json\/wp\/v2\/posts\/1361","targetHints":{"allow":["GET"]}}],"collection":[{"href":"https:\/\/dlf.uzh.ch\/sites\/medizingeschichte\/wp-json\/wp\/v2\/posts"}],"about":[{"href":"https:\/\/dlf.uzh.ch\/sites\/medizingeschichte\/wp-json\/wp\/v2\/types\/post"}],"author":[{"embeddable":true,"href":"https:\/\/dlf.uzh.ch\/sites\/medizingeschichte\/wp-json\/wp\/v2\/users\/837"}],"replies":[{"embeddable":true,"href":"https:\/\/dlf.uzh.ch\/sites\/medizingeschichte\/wp-json\/wp\/v2\/comments?post=1361"}],"version-history":[{"count":10,"href":"https:\/\/dlf.uzh.ch\/sites\/medizingeschichte\/wp-json\/wp\/v2\/posts\/1361\/revisions"}],"predecessor-version":[{"id":2170,"href":"https:\/\/dlf.uzh.ch\/sites\/medizingeschichte\/wp-json\/wp\/v2\/posts\/1361\/revisions\/2170"}],"wp:featuredmedia":[{"embeddable":true,"href":"https:\/\/dlf.uzh.ch\/sites\/medizingeschichte\/wp-json\/wp\/v2\/media\/1452"}],"wp:attachment":[{"href":"https:\/\/dlf.uzh.ch\/sites\/medizingeschichte\/wp-json\/wp\/v2\/media?parent=1361"}],"wp:term":[{"taxonomy":"category","embeddable":true,"href":"https:\/\/dlf.uzh.ch\/sites\/medizingeschichte\/wp-json\/wp\/v2\/categories?post=1361"},{"taxonomy":"post_tag","embeddable":true,"href":"https:\/\/dlf.uzh.ch\/sites\/medizingeschichte\/wp-json\/wp\/v2\/tags?post=1361"}],"curies":[{"name":"wp","href":"https:\/\/api.w.org\/{rel}","templated":true}]}}