{"id":1341,"date":"2023-04-21T17:32:00","date_gmt":"2023-04-21T15:32:00","guid":{"rendered":"https:\/\/dlf.uzh.ch\/sites\/medizingeschichte\/?p=1341"},"modified":"2024-12-01T16:37:50","modified_gmt":"2024-12-01T15:37:50","slug":"fachspital-sune-egge","status":"publish","type":"post","link":"https:\/\/dlf.uzh.ch\/sites\/medizingeschichte\/fachspital-sune-egge\/","title":{"rendered":"Das Fachspital Sune-Egge"},"content":{"rendered":"\n<h3 class=\"wp-block-heading\">Dort, wo alle Menschen medizinische Hilfe erhalten<\/h3>\n\n\n\n<p>Konradstrasse 62, 8005 Z\u00fcrich (<a href=\"https:\/\/www.google.com\/maps\/d\/edit?mid=1mdJpaZOFrjwkidVhprBC_38phlQB7J0&amp;ll=47.382555931695066%2C8.53409150000001&amp;z=17\" data-type=\"URL\" data-id=\"https:\/\/www.google.com\/maps\/d\/edit?mid=1mdJpaZOFrjwkidVhprBC_38phlQB7J0&amp;ll=47.382555931695066%2C8.53409150000001&amp;z=17\" target=\"_blank\" rel=\"noreferrer noopener\">Karte<\/a>)<\/p>\n\n\n\n<h5 class=\"wp-block-heading\">von Meret Felder<\/h5>\n\n\n\n<p class=\"has-cyan-bluish-gray-background-color has-background\">Ein Begegnungsraum mit einem warmen Kachelofen, an dem Patient*innen miteinander und mit der Seelsorge in Kontakt kommen k\u00f6nnen. Rauchen darf man auch drinnen, ein Lift, in dem ein Rollstuhlfahrer gerade so Platz hat.<br>Ja, Sie haben richtig geh\u00f6rt, wir befinden uns im Fachspital Sune-Egge.<\/p>\n\n\n\n<p><\/p>\n\n\n\n<p><\/p>\n\n\n\n<figure class=\"wp-block-image size-large\"><img loading=\"lazy\" decoding=\"async\" width=\"1024\" height=\"683\" src=\"https:\/\/dlf.uzh.ch\/sites\/medizingeschichte\/files\/2023\/04\/image-1024x683.png\" alt=\"\" class=\"wp-image-1640\" srcset=\"https:\/\/dlf.uzh.ch\/sites\/medizingeschichte\/files\/2023\/04\/image-1024x683.png 1024w, https:\/\/dlf.uzh.ch\/sites\/medizingeschichte\/files\/2023\/04\/image-300x200.png 300w, https:\/\/dlf.uzh.ch\/sites\/medizingeschichte\/files\/2023\/04\/image-768x512.png 768w, https:\/\/dlf.uzh.ch\/sites\/medizingeschichte\/files\/2023\/04\/image-1536x1024.png 1536w, https:\/\/dlf.uzh.ch\/sites\/medizingeschichte\/files\/2023\/04\/image.png 1600w\" sizes=\"auto, (max-width: 1024px) 100vw, 1024px\" \/><figcaption class=\"wp-element-caption\">Abb.1: Der Sune-Egge von innen <\/figcaption><\/figure>\n\n\n\n<h5 class=\"wp-block-heading\">Was macht das Fachspial Sune-Egge aus?<\/h5>\n\n\n\n<p>Der Sune-Egge ist ein Fachspital f\u00fcr Sozialmedizin und Abh\u00e4ngigkeitserkrankung. Hier erhalten sozial benachteiligte Menschen, \u00fcberwiegend aus dem Sucht- und Obdachlosenmilieu, eine station\u00e4re oder ambulante Behandlung. Bis heute ist das Fachspital schweizweit eine einzigartige Anlaufstelle und die einzige Einrichtung, die auch station\u00e4re Aufenthalte f\u00fcr Menschen bietet, die sonst normalerweise durch unser Gesundheitssystem fallen.<\/p>\n\n\n\n<p>Die Klientel des Fachspitals zeigt sich vielf\u00e4ltig; von Menschen, die zur Wundpflege ambulant vorbei kommen bis zu Patient*innen, die den Sune-Egge als letzten Aufenthalt vor dem Tod ausw\u00e4hlen. Dementsprechend ist auch das dort arbeitende Team aus den verschiedensten Fachrichtungen zusammengestellt.<sup>1<\/sup><\/p>\n\n\n\n<figure class=\"wp-block-image size-large is-style-default wp-duotone-000000-ffffff-1\"><a href=\"https:\/\/dlf.uzh.ch\/sites\/medizingeschichte\/files\/2023\/04\/RADIO_Fachspital_Sune-Egge_Aussenansicht_c_Sozialwerk_Pfarrer_Sieber_RKONTEXT_B.jpg\"><img loading=\"lazy\" decoding=\"async\" width=\"1024\" height=\"576\" src=\"https:\/\/dlf.uzh.ch\/sites\/medizingeschichte\/files\/2023\/04\/RADIO_Fachspital_Sune-Egge_Aussenansicht_c_Sozialwerk_Pfarrer_Sieber_RKONTEXT_B-1024x576.jpg\" alt=\"\" class=\"wp-image-1526\" srcset=\"https:\/\/dlf.uzh.ch\/sites\/medizingeschichte\/files\/2023\/04\/RADIO_Fachspital_Sune-Egge_Aussenansicht_c_Sozialwerk_Pfarrer_Sieber_RKONTEXT_B-1024x576.jpg 1024w, https:\/\/dlf.uzh.ch\/sites\/medizingeschichte\/files\/2023\/04\/RADIO_Fachspital_Sune-Egge_Aussenansicht_c_Sozialwerk_Pfarrer_Sieber_RKONTEXT_B-300x169.jpg 300w, https:\/\/dlf.uzh.ch\/sites\/medizingeschichte\/files\/2023\/04\/RADIO_Fachspital_Sune-Egge_Aussenansicht_c_Sozialwerk_Pfarrer_Sieber_RKONTEXT_B-768x432.jpg 768w, https:\/\/dlf.uzh.ch\/sites\/medizingeschichte\/files\/2023\/04\/RADIO_Fachspital_Sune-Egge_Aussenansicht_c_Sozialwerk_Pfarrer_Sieber_RKONTEXT_B-1110x624.jpg 1110w, https:\/\/dlf.uzh.ch\/sites\/medizingeschichte\/files\/2023\/04\/RADIO_Fachspital_Sune-Egge_Aussenansicht_c_Sozialwerk_Pfarrer_Sieber_RKONTEXT_B-528x297.jpg 528w, https:\/\/dlf.uzh.ch\/sites\/medizingeschichte\/files\/2023\/04\/RADIO_Fachspital_Sune-Egge_Aussenansicht_c_Sozialwerk_Pfarrer_Sieber_RKONTEXT_B.jpg 1280w\" sizes=\"auto, (max-width: 1024px) 100vw, 1024px\" \/><\/a><figcaption class=\"wp-element-caption\">Abb.2: Das Fachspital Sune-Egge im 2019<\/figcaption><\/figure>\n\n\n\n<h5 class=\"wp-block-heading\"><strong>Wie der Sune-Egge entstand<\/strong><\/h5>\n\n\n\n<p>Das Fachspital Sune-Egge wurde 1989 von der Stiftung Pfarrer Sieber als Reaktion auf das damals grosse Drogenproblem gegr\u00fcndet. Deshalb hilft es, sich zuerst mit der Z\u00fcrcher Drogengeschichte auseinander zu setzten, damit man verstehen kann, weshalb das Fachspital entstand und was seine Bedeutung war und ist.<sup>2<\/sup><\/p>\n\n\n\n<h6 class=\"wp-block-heading\">Ein kurzer Einblick in die Z\u00fcrcher Drogengeschichte<\/h6>\n\n\n\n<p>In den fr\u00fchen 70er-Jahren begann der Konsum von illegalen Substanzen in Z\u00fcrich stetig zuzunehmen. Es bildeten sich erste kleinere Drogenszenen, in denen offen gedealt und konsumiert wurde. Die Polizei versuchte vergebens, die Treffpunkte mit repressiven Massnahmen aufzul\u00f6sen. Mitte der 80er-Jahre verschob sich die Szene schliesslich in den Platzspitz, wo sie vorerst toleriert wurde, sich aber rasant ausbreitete.&nbsp;<\/p>\n\n\n\n<p>Eine zus\u00e4tzliche Verschlimmerung der Situation verursachte das 1985 in Kraft gesetzte Verbot der Spritzenabgabe. Dies f\u00fchrte unter den S\u00fcchtigen zu einer starken Verbreitung von HIV und Hepatitis, weil die Spritzen durch Mehrfachgebrauch und Teilen untereinander unsteril gebraucht wurden. Nach einem Jahr wurde das Gesetz wieder abgeschafft, aber die viralen Krankheiten hatten sich unter den S\u00fcchtigen bereits stark ausgebreitet. Die Stadt richtete eine Spritzen-Abgabestelle auf dem Platzspitz ein.<\/p>\n\n\n\n<p>Ende der 80er-Jahre kam es in der Z\u00fcrcher Politik schliesslich zu einem Umdenken im Umgang mit den drogenabh\u00e4ngigen Menschen. Man begann, sogenannte \u201cFixerst\u00fcbli\u201d, Notschlafstellen und vieles mehr einzurichten. Genau in dieser Zeit entstand auch das Fachspital Sune-Egge. Sein Gr\u00fcnder, Pfarrer Ernst Sieber, hat sich in der Z\u00fcrcher Stadtpolitik stark f\u00fcr die Obdachlosen und S\u00fcchtigen eingesetzt. Ihm ist bis heute noch viel zu verdanken. <br>1992 wurde der Platzspitz schliesslich nicht ganz erfolgreich geschlossen, da sich die Drogenszene erneut verlagerte und sich nun auf eine noch viel h\u00e4rtere Weise im stillgelegten Bahnhof Letten etablierte. 1995 wurde der Letten schliesslich geschlossen und die offene Drogenszene in Z\u00fcrich nahm ein Ende.<sup>3<\/sup><\/p>\n\n\n\n<p><\/p>\n\n\n\n<h5 class=\"wp-block-heading\">Der Sune-Egge in seinen Anf\u00e4ngen<\/h5>\n\n\n\n<p>Bereits im November 1987 wurden in dem Haus des heutigen Sune-Egge drogens\u00fcchtige Obdachlose geheim untergebracht und notfallm\u00e4ssig medizinisch versorgt. Als schliesslich im Mai 1988 die Stiftung Sozialwerke Pfarrer Ernst Sieber (SWS) gegr\u00fcndet wurde, dauerte es nicht lange, bis auch ein offizieller Mietvertrag f\u00fcr das f\u00fcnfst\u00f6ckige Wohnhaus an der Konradstrasse 62 unterschrieben wurde. Das Haus wurde Pfarrer Sieber von der \u201cVictor und Rose Glofarb-Stifung\u201d zu einer bescheidenen Miete \u00fcberlassen. Schliesslich konnten bereits im Dezember 1988 die ersten Patient*innen ambulant im Sune-Egge betreut werden. Im Februar 1989 erhielt die Stiftung von der Gesundheitsdirektion die Bewilligung zur F\u00fchrung eines Krankenhauses. Der Sune-Egge wurde offiziell als kantonales Fachspital anerkannt und verf\u00fcgte \u00fcber 28 Betten und einer ambulanten Praxis. Heute verf\u00fcgt das Fachspital insgesamt \u00fcber 45 station\u00e4re Pl\u00e4tze.<sup>2, 4<\/sup><\/p>\n\n\n\n<p>Von den 28 Betten wurden 12 als Pl\u00e4tze f\u00fcr terminalen Aids-Patient*innen zur Verf\u00fcgung gestellt. Die restlichen 16 Betten boten Platz f\u00fcr Akuterkrankte.<\/p>\n\n\n\n<p>Als 1991 der erste Jahresbericht erschien, z\u00e4hlte das Fachspital bereits 6379 Pflegetage allein in diesem Jahr. Es wurden ber\u00fchrende Schicksale von Erfolg und Misserfolg in der Pflege der meinst schwerkranken Menschen mit Dualdiagnosen geteilt und von der vergleichsweise sehr schwierigen Arbeit mit den Patient*innen. Das improvisierte Provisorium im Keller eines Wohnhauses hat sich bis 1991 in ein gut organisiertes Spital entwickelt mit klaren Richtlienen und Regeln aber doch einer, in diesem Fachbereich doch so wichtigen, Prise Pers\u00f6nlichkeit.<sup>4<\/sup><\/p>\n\n\n\n<h5 class=\"wp-block-heading\">Wie geht es weiter?<\/h5>\n\n\n\n<p>Nach seiner Er\u00f6ffnung, ging es nicht lange, bis das Fachspital mit seinen Kapazit\u00e4ten zu k\u00e4mpfen hatte. Einerseits war ein st\u00e4ndiger Platzmangel Problem, da mehr Menschen als geplant schliesslich auf Langzeit im Sune-Egge augenommen werden sollten. Zudem war auch die Finanzierung eine schwierige Aufgabe. Gl\u00fccklicherweise wurde der Sune-Egge aber stets von Stadt und Kanton Z\u00fcrich finanziell unterst\u00fctzt, wie dem Jahresbericht von 2008 zu entnehmen ist.<sup>5<\/sup><\/p>\n\n\n\n<p>Nicht zu vergessen waren und sind auch die einzigartigen Umst\u00e4nde, unter welchen das Personal im Sune-Egge umzugehen hat. Patient*innen aus der Drogenszene k\u00e4mpfen oft mit Aggressionen und \u00c4ngsten, die weder f\u00fcr sie selber, noch f\u00fcr das betreuende Pflegeteam einfach sind. Dies ist unter anderem auf eindr\u00fcckliche Art und Weise im Buch &#8222;Wir geh\u00f6ren zueinander&#8220; von Walter Munz, dem ehemaligen Chefarzt des Sune-Egge, beschrieben.<sup>6<\/sup><\/p>\n\n\n\n<figure class=\"wp-block-image size-large wp-duotone-000000-ffffff-2\"><img loading=\"lazy\" decoding=\"async\" width=\"768\" height=\"1024\" src=\"https:\/\/dlf.uzh.ch\/sites\/medizingeschichte\/files\/2023\/04\/IMG_7907-768x1024.jpg\" alt=\"\" class=\"wp-image-1531\" srcset=\"https:\/\/dlf.uzh.ch\/sites\/medizingeschichte\/files\/2023\/04\/IMG_7907-768x1024.jpg 768w, https:\/\/dlf.uzh.ch\/sites\/medizingeschichte\/files\/2023\/04\/IMG_7907-225x300.jpg 225w, https:\/\/dlf.uzh.ch\/sites\/medizingeschichte\/files\/2023\/04\/IMG_7907-1152x1536.jpg 1152w, https:\/\/dlf.uzh.ch\/sites\/medizingeschichte\/files\/2023\/04\/IMG_7907-1536x2048.jpg 1536w, https:\/\/dlf.uzh.ch\/sites\/medizingeschichte\/files\/2023\/04\/IMG_7907-scaled.jpg 1920w\" sizes=\"auto, (max-width: 768px) 100vw, 768px\" \/><figcaption class=\"wp-element-caption\">Abb. 3: Das Fachspital Sune-Egge heute. <\/figcaption><\/figure>\n\n\n\n<h5 class=\"wp-block-heading\">Ein Blick in die Zukunft<\/h5>\n\n\n\n<p>In den n\u00e4chsten Jahren werden vermutlich einige Herausforderungen des Fachspitals mit einer neuen \u00dcberbauung an der Wenthalerstrasse gel\u00f6st sein. Die Sozialwerke Pfarrer Sieber bauen einen grossen Komplex, in dem das Fachspital in ein Netzwerk mit \u00dcbergangswohnungen und mehr eingeschlossen sein sollte.<sup>7<\/sup><\/p>\n\n\n\n<p>Laut Plan sollte das Glaubten-Areal im Jahr 2024 bezugsf\u00e4hig sein. <a href=\"https:\/\/www.glaubten-areal.ch\/projekt\" target=\"_blank\" rel=\"noreferrer noopener\">Hier<\/a> finden Sie mehr Informationen.<\/p>\n\n\n\n<p><\/p>\n\n\n\n<h5 class=\"wp-block-heading\">Die Bedeutung der Lage<\/h5>\n\n\n\n<p>N\u00e4her am Platzspitz, dem damaligen Zentrum der Drogen-Misere, k\u00f6nnte das Fachspital an der Konradstrasse 62 fast nicht liegen. In den Anf\u00e4ngen des Sune-Egge war dies bestimmt von grosser Bedeutung, da das Spital f\u00fcr betroffene Menschen einfach und unkompliziert zu erreichen war. Sie mussten sich nicht in eine unbekannte Gegend begeben. <br>Das Haus, in dem der Sune-Egge sich eingenistet hat, ist aber ein ehemaliges Wohnhaus, also eher unpraktisch zur Beherbergung einer gesundheitlichen Institution. Zudem war das Fachspital in seinen Anf\u00e4ngen nicht sonderlich willkommen in der Nachbarschaft. Die bereits dort lebenden Menschen machten sich Sorgen, die Drogenszene, welche ja ohnehin schon genug nahe war, k\u00f6nne sich in ihren Strassen ausbreiten.<sup>8<\/sup><\/p>\n\n\n\n<p>Ein Fernseh-Auftritt des Pfarrers selbst sollte die Sorgen aber beschwichtigen. <a href=\"https:\/\/www.srf.ch\/play\/tv\/das-sonntagsinterview\/video\/pfarrer-ernst-sieber?urn=urn:srf:video:4f55c954-0f32-4cfd-b258-eb4ba2846dbc\" data-type=\"URL\" data-id=\"https:\/\/www.srf.ch\/play\/tv\/das-sonntagsinterview\/video\/pfarrer-ernst-sieber?urn=urn:srf:video:4f55c954-0f32-4cfd-b258-eb4ba2846dbc\">Hier<\/a> finden Sie den SRF-Beitrag vom 26.3.1989.<\/p>\n\n\n\n<p>Der aktuelle Bau des Glaubten-Areals zeigt, dass aktuell die N\u00e4he zum Platzspitz und der offenen Drogenszene nicht mehr eine erstgradige Rolle spielt. Vielmehr ist wichtig, die einzelnen Bestandteile der Institution m\u00f6glichst nahe beisammen zu haben. Und nat\u00fcrlich: mehr Platz.<sup>6<\/sup><\/p>\n\n\n\n<h6 class=\"wp-block-heading\">Ein paar fotographische Einblicke aus 2015 von der Fotografin Caroline Micaela Hauger<\/h6>\n\n\n\n<div class=\"wp-block-columns is-layout-flex wp-container-core-columns-is-layout-9d6595d7 wp-block-columns-is-layout-flex\">\n<div class=\"wp-block-column is-layout-flow wp-block-column-is-layout-flow\">\n<figure class=\"wp-block-image size-large\"><img decoding=\"async\" src=\"https:\/\/swissphotocollection.ch\/data\/images\/2015\/editorialreportage\/7997\/bc3054d6-8d85-4e71-9689-0e6998788dce.jpg\" alt=\"\" \/><\/figure>\n<\/div>\n\n\n\n<div class=\"wp-block-column is-layout-flow wp-block-column-is-layout-flow\">\n<figure class=\"wp-block-image size-large\"><img decoding=\"async\" src=\"https:\/\/swissphotocollection.ch\/data\/images\/2015\/editorialreportage\/7997\/a404df6e-b05e-47e4-af77-1d8f1392c4a0.jpg\" alt=\"\" \/><\/figure>\n<\/div>\n\n\n\n<div class=\"wp-block-column is-layout-flow wp-block-column-is-layout-flow\">\n<figure class=\"wp-block-image size-large\"><img decoding=\"async\" src=\"https:\/\/swissphotocollection.ch\/data\/images\/2015\/editorialreportage\/7997\/f64d7e01-29ed-4b8d-86e9-a6e75b9702b9.jpg\" alt=\"\" \/><\/figure>\n<\/div>\n<\/div>\n\n\n\n<figure class=\"wp-block-image size-large\"><img decoding=\"async\" src=\"https:\/\/swissphotocollection.ch\/data\/images\/2015\/editorialreportage\/7997\/80cafeb3-9f39-47e3-84bd-8a9e47ea9863.jpg\" alt=\"\" \/><\/figure>\n\n\n\n<p><\/p>\n\n\n\n<h6 class=\"wp-block-heading\">Bildquellen<\/h6>\n\n\n\n<p class=\"has-small-font-size\">Abb. 1: <a href=\"https:\/\/swissphotocollection.ch\/project\/gottes-knecht-eine-reise-mit-dem-zurcher-obdachlos\/\">https:\/\/swissphotocollection.ch\/project\/gottes-knecht-eine-reise-mit-dem-zurcher-obdachlos\/<\/a> (zuletzt abgerufen am 1.5.23, 16:50)<br>Abb. 2: <a href=\"https:\/\/erf-medien.ch\/wp-content\/uploads\/RADIO_Fachspital_Sune-Egge_Aussenansicht_c_Sozialwerk_Pfarrer_Sieber_RKONTEXT_B.jpg\">https:\/\/erf-medien.ch\/wp-content\/uploads\/RADIO_Fachspital_Sune-Egge_Aussenansicht_c_Sozialwerk_Pfarrer_Sieber_RKONTEXT_B.jpg<\/a> (zuletzt abgerufen am 1.5.23, 16:50)<br>Abb. 3: gemacht von Meret Felder am 14.3.23<br>Abb. 4-7: <a href=\"https:\/\/swissphotocollection.ch\/project\/gottes-knecht-eine-reise-mit-dem-zurcher-obdachlos\/\">https:\/\/swissphotocollection.ch\/project\/gottes-knecht-eine-reise-mit-dem-zurcher-obdachlos\/<\/a> (zuletzt abgerufen am 1.5.23, 16:50)<\/p>\n\n\n\n<h6 class=\"wp-block-heading\">Literatur<\/h6>\n\n\n\n<p class=\"has-small-font-size\"><sup>1<\/sup><a href=\"https:\/\/www.swsieber.ch\/was-wir-tun\/betreuen\/fachspital\/\">https:\/\/www.swsieber.ch\/was-wir-tun\/betreuen\/fachspital\/<\/a> (zuletzt abgerufen am 1.5.23, 16:50)<\/p>\n\n\n\n<p class=\"has-small-font-size\"><sup>2<\/sup><a href=\"https:\/\/www.kath.ch\/wp-content\/uploads\/sites\/2\/2018\/05\/Lebenswerk.pdf\">https:\/\/www.kath.ch\/wp-content\/uploads\/sites\/2\/2018\/05\/Lebenswerk.pdf<\/a> (zuletzt abgerufen am 1.5.23, 16:50)<\/p>\n\n\n\n<p class=\"has-small-font-size\"><sup>3<\/sup><a href=\"https:\/\/www.stadt-zuerich.ch\/prd\/de\/index\/stadtarchiv\/bilder_u_texte\/geschichte-vor-ort\/Offene-Drogenszene.html\">https:\/\/www.stadt-zuerich.ch\/prd\/de\/index\/stadtarchiv\/bilder_u_texte\/geschichte-vor-ort\/Offene-Drogenszene.html<\/a> (zuletzt abgerufen am 1.5.23, 16:50)<\/p>\n\n\n\n<p class=\"has-small-font-size\"><sup>4<\/sup>Stiftung Sozialwerke Pfarrer Ernst Sieber: Jahresbericht 1991. Sune-Egge, Z\u00fcrich 1991<\/p>\n\n\n\n<p class=\"has-small-font-size\"><sup>5<\/sup><a href=\"https:\/\/issuu.com\/sozialwerke-pfarrer-sieber\/docs\/jahresbericht_sws_2008\">https:\/\/issuu.com\/sozialwerke-pfarrer-sieber\/docs\/jahresbericht_sws_2008<\/a> (zuletzt abgerufen am 1.5.23, 16:50)<\/p>\n\n\n\n<p class=\"has-small-font-size\"><sup>6<\/sup>Munz, Walter: Wir geh\u00f6ren zueinander. Begegnung mit Suchtkranken und Aidspatienten, Frauenfeld, 2003, 1. Auflage<\/p>\n\n\n\n<p class=\"has-small-font-size\"><sup>7<\/sup><a href=\"https:\/\/www.glaubten-areal.ch\/projekt\">https:\/\/www.glaubten-areal.ch\/projekt<\/a> (zuletzt abgerufen am 1.5.23, 16:50)<\/p>\n\n\n\n<p class=\"has-small-font-size\"><sup>8<\/sup><a href=\"https:\/\/www.srf.ch\/play\/tv\/das-sonntagsinterview\/video\/pfarrer-ernst-sieber?urn=urn:srf:video:4f55c954-0f32-4cfd-b258-eb4ba2846dbc\">https:\/\/www.srf.ch\/play\/tv\/das-sonntagsinterview\/video\/pfarrer-ernst-sieber?urn=urn:srf:video:4f55c954-0f32-4cfd-b258-eb4ba2846dbc<\/a> (zuletzt abgerufen am 1.5.23, 16:50)<\/p>\n\n\n\n<p class=\"has-small-font-size\"><br><\/p>\n","protected":false},"excerpt":{"rendered":"<p>Der Sune-Egge ist ein Fachspital. Hier erhalten sozial benachteiligte Menschen, \u00fcberwiegend aus dem Sucht- und Obdachlosenmilieu, eine station\u00e4re oder ambulante Behandlung. <\/p>\n","protected":false},"author":836,"featured_media":1526,"comment_status":"open","ping_status":"open","sticky":false,"template":"","format":"standard","meta":{"footnotes":""},"categories":[7,57,58,48,98,90,99,9,8,1,10,104,17,32,27,5],"tags":[68,81],"class_list":{"0":"post-1341","1":"post","2":"type-post","3":"status-publish","4":"format-standard","5":"has-post-thumbnail","7":"category-20-jahrhundert","8":"category-21-jahrhundert","9":"category-aids","10":"category-drogensucht","11":"category-epidemiologie","12":"category-fachbereich","13":"category-fuersorge","14":"category-institution","15":"category-krankheiten","16":"category-ort","17":"category-person","18":"category-pflege","19":"category-spital","20":"category-stadtkreis-5","21":"category-wohnhaus","22":"category-zeit","23":"tag-obdachlosigkeit","24":"tag-pfarrer-ernst-sieber","25":"czr-hentry"},"_links":{"self":[{"href":"https:\/\/dlf.uzh.ch\/sites\/medizingeschichte\/wp-json\/wp\/v2\/posts\/1341","targetHints":{"allow":["GET"]}}],"collection":[{"href":"https:\/\/dlf.uzh.ch\/sites\/medizingeschichte\/wp-json\/wp\/v2\/posts"}],"about":[{"href":"https:\/\/dlf.uzh.ch\/sites\/medizingeschichte\/wp-json\/wp\/v2\/types\/post"}],"author":[{"embeddable":true,"href":"https:\/\/dlf.uzh.ch\/sites\/medizingeschichte\/wp-json\/wp\/v2\/users\/836"}],"replies":[{"embeddable":true,"href":"https:\/\/dlf.uzh.ch\/sites\/medizingeschichte\/wp-json\/wp\/v2\/comments?post=1341"}],"version-history":[{"count":10,"href":"https:\/\/dlf.uzh.ch\/sites\/medizingeschichte\/wp-json\/wp\/v2\/posts\/1341\/revisions"}],"predecessor-version":[{"id":2165,"href":"https:\/\/dlf.uzh.ch\/sites\/medizingeschichte\/wp-json\/wp\/v2\/posts\/1341\/revisions\/2165"}],"wp:featuredmedia":[{"embeddable":true,"href":"https:\/\/dlf.uzh.ch\/sites\/medizingeschichte\/wp-json\/wp\/v2\/media\/1526"}],"wp:attachment":[{"href":"https:\/\/dlf.uzh.ch\/sites\/medizingeschichte\/wp-json\/wp\/v2\/media?parent=1341"}],"wp:term":[{"taxonomy":"category","embeddable":true,"href":"https:\/\/dlf.uzh.ch\/sites\/medizingeschichte\/wp-json\/wp\/v2\/categories?post=1341"},{"taxonomy":"post_tag","embeddable":true,"href":"https:\/\/dlf.uzh.ch\/sites\/medizingeschichte\/wp-json\/wp\/v2\/tags?post=1341"}],"curies":[{"name":"wp","href":"https:\/\/api.w.org\/{rel}","templated":true}]}}