{"id":759,"date":"2021-02-15T08:43:33","date_gmt":"2021-02-15T08:43:33","guid":{"rendered":"https:\/\/dlf.uzh.ch\/sites\/khistglossar\/?p=759"},"modified":"2021-04-29T10:00:13","modified_gmt":"2021-04-29T10:00:13","slug":"evangelistar-perikopenbuch","status":"publish","type":"post","link":"https:\/\/dlf.uzh.ch\/sites\/khistglossar\/2021\/02\/15\/evangelistar-perikopenbuch\/","title":{"rendered":"Evangelistar\/Perikopenbuch"},"content":{"rendered":"\n<p>Handschrift mit den Evangelienlesungen (=Perikopen) bei der Messfeier. Im Unterschied zum Evangeliar enth\u00e4lt das Evangelistar nur Ausz\u00fcge aus den vier Evangelien, die in der Abfolge der Festtage und Sonntage des liturgischen Jahres angeordnet sind. Am Anfang steht Weihnachten mit der Feier von Christi Geburt.<\/p>\n\n\n\n<p>Evangelistare sind liturgische Handschriften, aus denen der Diakon im ersten Teil der Messe (dem Wortgottesdienst) die Evangelienlesung vortrug. Sie waren vor allem im Fr\u00fch- und Hochmittelalter in Klosterkirchen, Kathedralen, Stiftskirchen und Pfarrkirchen in Gebrauch. In der Rangfolge der liturgischen B\u00fccher standen sie mit den Evangeliaren an der Spitze. Wie die Evangeliare wurden Evangelistare als sakramentale Verk\u00f6rperungen Christi betrachtet. Seit dem 13. Jahrhundert werden die Evangelistare vom neuen Buchtypus des Missales abgel\u00f6st.<\/p>\n\n\n\n<p>Wiederkehrende Elemente sind die Autorenbilder der Evangelisten, die typischerweise am Anfang der Handschrift zu einer Gruppe versammelt werden (Godescalc-Evangelistar). Seit ottonischer Zeit wird die Folge der Perikopen wiederholt mit teilweise sehr ausf\u00fchrlichen Bilderzyklen zum Leben Jesu versehen (Codex Egberti, Speyerer Evangelistar). Der sakramentale Status der Evangelistare als Verk\u00f6rperung Christi manifestiert sich am deutlichsten in Prachteinb\u00e4nden, die das Buch mit dreidimensionalen Bildern aus Gold, Elfenbein und Edelsteinen umgeben (Evangelium longum, Uta-Buchkasten).<\/p>\n\n\n\n<p class=\"has-small-font-size\">Literatur: <a href=\"https:\/\/dlf.uzh.ch\/sites\/khistglossar\/literatur\/\" data-type=\"page\" data-id=\"72\">Jakobi-Mirwald 1997<\/a>, S. 135 und <a href=\"https:\/\/dlf.uzh.ch\/sites\/khistglossar\/literatur\/\" data-type=\"page\" data-id=\"72\">Palazzo 1998<\/a>, S. 99-106.<\/p>\n\n\n\n<div class=\"wp-block-buttons is-layout-flex wp-block-buttons-is-layout-flex\">\n<div class=\"wp-block-button\"><a class=\"wp-block-button__link\" href=\"https:\/\/dlf.uzh.ch\/sites\/khistglossar\/2021\/02\/15\/godescalc-evangelistar\/\" target=\"_blank\" rel=\"noreferrer noopener\">Godescalc-Evangelistar<\/a><\/div>\n\n\n\n<div class=\"wp-block-button\"><a class=\"wp-block-button__link\" href=\"https:\/\/dlf.uzh.ch\/sites\/khistglossar\/2021\/02\/15\/evangelium-longum\/\" target=\"_blank\" rel=\"noreferrer noopener\">Evangelium longum<\/a><\/div>\n\n\n\n<div class=\"wp-block-button\"><a class=\"wp-block-button__link\" href=\"https:\/\/dlf.uzh.ch\/sites\/khistglossar\/2021\/02\/15\/uta-codex\/\" target=\"_blank\" rel=\"noreferrer noopener\">Uta-Codex<\/a><\/div>\n\n\n\n<div class=\"wp-block-button\"><a class=\"wp-block-button__link\" href=\"https:\/\/dlf.uzh.ch\/sites\/khistglossar\/2021\/02\/15\/codex-egberti\/\" target=\"_blank\" rel=\"noreferrer noopener\">Codex Egberti<\/a><\/div>\n\n\n\n<div class=\"wp-block-button\"><a class=\"wp-block-button__link\" href=\"https:\/\/dlf.uzh.ch\/sites\/khistglossar\/2021\/02\/15\/speyerer-evangelistar\/\" target=\"_blank\" rel=\"noreferrer noopener\">Speyerer Evangelistar<\/a><\/div>\n<\/div>\n\n\n<div  id=\"jtg-750\" class=\"modula modula-gallery modula-columns\" data-config=\"{&quot;tabletHeight&quot;:800,&quot;mobileHeight&quot;:800,&quot;desktopHeight&quot;:800,&quot;enableTwitter&quot;:false,&quot;enableWhatsapp&quot;:false,&quot;enableFacebook&quot;:false,&quot;enablePinterest&quot;:false,&quot;enableLinkedin&quot;:false,&quot;enableEmail&quot;:false,&quot;randomFactor&quot;:0.5,&quot;type&quot;:&quot;grid&quot;,&quot;columns&quot;:12,&quot;gutter&quot;:10,&quot;mobileGutter&quot;:10,&quot;tabletGutter&quot;:10,&quot;desktopGutter&quot;:10,&quot;enableResponsive&quot;:&quot;0&quot;,&quot;tabletColumns&quot;:&quot;2&quot;,&quot;mobileColumns&quot;:&quot;1&quot;,&quot;lazyLoad&quot;:0,&quot;lightboxOpts&quot;:{&quot;animated&quot;:true,&quot;Thumbs&quot;:{&quot;type&quot;:&quot;modern&quot;,&quot;showOnStart&quot;:false},&quot;Toolbar&quot;:{&quot;display&quot;:{&quot;right&quot;:[&quot;close&quot;]},&quot;enabled&quot;:true},&quot;Carousel&quot;:{&quot;Panzoom&quot;:{&quot;touch&quot;:true},&quot;infinite&quot;:false},&quot;keyboard&quot;:{&quot;Escape&quot;:&quot;close&quot;,&quot;Delete&quot;:&quot;close&quot;,&quot;Backspace&quot;:&quot;close&quot;,&quot;PageUp&quot;:false,&quot;PageDown&quot;:false,&quot;ArrowUp&quot;:false,&quot;ArrowDown&quot;:false,&quot;ArrowRight&quot;:false,&quot;ArrowLeft&quot;:false},&quot;touch&quot;:false,&quot;backdropClick&quot;:false,&quot;l10n&quot;:{&quot;CLOSE&quot;:&quot;Schlie\\u00dfen&quot;,&quot;NEXT&quot;:&quot;Weiter&quot;,&quot;PREV&quot;:&quot;Zur\\u00fcck&quot;,&quot;Error&quot;:&quot;Der angeforderte Inhalt kann nicht geladen werden. Bitte versuche es sp\\u00e4ter noch einmal.&quot;,&quot;PLAY_START&quot;:&quot;Slideshow starten&quot;,&quot;PLAY_STOP&quot;:&quot;Slideshow anhalten&quot;,&quot;FULL_SCREEN&quot;:&quot;Vollbild&quot;,&quot;THUMBS&quot;:&quot;Vorschaubilder&quot;,&quot;DOWNLOAD&quot;:&quot;Download&quot;,&quot;SHARE&quot;:&quot;Teilen&quot;,&quot;ZOOM&quot;:&quot;Vergr\\u00f6\\u00dfern&quot;,&quot;EMAIL&quot;:&quot;Hier ist der Link zum Bild: %%image_link%% und hier ist der Link zur Galerie: %%gallery_link%%&quot;,&quot;MODAL&quot;:&quot;Du kannst diesen Modal-Inhalt mit der ESC-Taste schlie\\u00dfen&quot;,&quot;ERROR&quot;:&quot;Es ist ein Fehler aufgetreten. Bitte versuche es sp\\u00e4ter noch einmal&quot;,&quot;IMAGE_ERROR&quot;:&quot;Bild nicht gefunden&quot;,&quot;ELEMENT_NOT_FOUND&quot;:&quot;HTML-Element nicht gefunden&quot;,&quot;AJAX_NOT_FOUND&quot;:&quot;Fehler beim Laden von AJAX: Nicht gefunden&quot;,&quot;AJAX_FORBIDDEN&quot;:&quot;Fehler beim Laden von AJAX: Zugriff verweigert&quot;,&quot;IFRAME_ERROR&quot;:&quot;Fehler beim Laden der Seite&quot;,&quot;TOGGLE_ZOOM&quot;:&quot;Zoomstufe umschalten&quot;,&quot;TOGGLE_THUMBS&quot;:&quot;Miniaturansichten ein-\\\/ausblenden&quot;,&quot;TOGGLE_SLIDESHOW&quot;:&quot;Diashow ein-\\\/ausschalten&quot;,&quot;TOGGLE_FULLSCREEN&quot;:&quot;Vollbildmodus umschalten&quot;},&quot;Images&quot;:{&quot;Panzoom&quot;:{&quot;maxScale&quot;:2}},&quot;mainClass&quot;:&quot;modula-fancybox-container modula-lightbox-jtg-750&quot;,&quot;Html&quot;:{&quot;videoAutoplay&quot;:0,&quot;videoTpl&quot;:&quot;&lt;video class=\\&quot;fancybox__html5video\\&quot; controls muted playsinline controlsList controlsList=\\&quot;nodownload\\&quot; poster=\\&quot;{{poster}}\\&quot; src=\\&quot;{{src}}\\&quot; type=\\&quot;{{format}}\\&quot; &gt;  Sorry, your browser doesn&#039;t support embedded videos, &lt;a href=\\&quot;{{src}}\\&quot;&gt; download &lt;\\\/a&gt; and watch with your favorite video player! &lt;\\\/video&gt;&quot;}},&quot;inView&quot;:false,&quot;email_subject&quot;:&quot;Check out this awesome image !!&quot;,&quot;email_message&quot;:&quot;Here is the link to the image : %%image_link%% and this is the link to the gallery : %%gallery_link%%&quot;,&quot;grid_type&quot;:&quot;automatic&quot;,&quot;rowHeight&quot;:150,&quot;lastRow&quot;:&quot;justify&quot;,&quot;lightbox&quot;:&quot;fancybox&quot;}\">\n\n\t\n\t<div  class=\"modula-items grid-gallery\">\n\t\t<div class=\"modula-item effect-pufrobo\" >\n\t<div class=\"modula-item-overlay\"><\/div>\n\n\t<div class=\"modula-item-content\">\n\n\t\t<a data-image-id=\"751\" role=\"button\" tabindex=\"0\" rel=\"jtg-750\" data-caption=\"\" aria-label=\"Bilder in Lightbox \u00f6ffnen\" class=\"tile-inner modula-item-link\"><\/a><img loading=\"lazy\" decoding=\"async\" class=\"pic wp-image-751\"  data-valign=\"middle\" data-halign=\"center\" alt=\"\" data-full=\"https:\/\/dlf.uzh.ch\/sites\/khistglossar\/files\/2021\/02\/Evangelistar-1-1.png\" title=\"Evangelistar 1\" crop=\"\" width=\"1299\" height=\"976\" src=\"https:\/\/dlf.uzh.ch\/sites\/khistglossar\/files\/2021\/02\/Evangelistar-1-1.png\" data-src=\"https:\/\/dlf.uzh.ch\/sites\/khistglossar\/files\/2021\/02\/Evangelistar-1-1.png\" data-caption=\"\" srcset=\"https:\/\/dlf.uzh.ch\/sites\/khistglossar\/files\/2021\/02\/Evangelistar-1-1.png 1299w, https:\/\/dlf.uzh.ch\/sites\/khistglossar\/files\/2021\/02\/Evangelistar-1-1-300x225.png 300w, https:\/\/dlf.uzh.ch\/sites\/khistglossar\/files\/2021\/02\/Evangelistar-1-1-1024x769.png 1024w, https:\/\/dlf.uzh.ch\/sites\/khistglossar\/files\/2021\/02\/Evangelistar-1-1-768x577.png 768w, https:\/\/dlf.uzh.ch\/sites\/khistglossar\/files\/2021\/02\/Evangelistar-1-1-465x349.png 465w, https:\/\/dlf.uzh.ch\/sites\/khistglossar\/files\/2021\/02\/Evangelistar-1-1-665x500.png 665w\" sizes=\"auto, (max-width: 1299px) 100vw, 1299px\" \/>\n\t\t<div class=\"figc no-description\">\n\t\t\t<div class=\"figc-inner\">\n\t\t\t\t\t\t\t\t\t\t\t\t\t\t\t<\/div>\n\t\t<\/div>\n\n\t<\/div>\n\n<\/div><div class=\"modula-item effect-pufrobo\" >\n\t<div class=\"modula-item-overlay\"><\/div>\n\n\t<div class=\"modula-item-content\">\n\n\t\t<a data-image-id=\"752\" role=\"button\" tabindex=\"0\" rel=\"jtg-750\" data-caption=\"Links R\u00fcckdeckel, unterteilt in drei Register mit Akanthusranken und Tierkampfszene, Himmelfahrt Mariens, Begegnung des Gallus mit dem B\u00e4ren, rechts der Vorderdeckel mit der Maiestas Domini um Zentrum, oben und unten Akanthusranken, Evangelium longum, St. Gallen, Stiftsbibliothek, Csg. 53.\n\" aria-label=\"Bilder in Lightbox \u00f6ffnen\" class=\"tile-inner modula-item-link\"><\/a><img loading=\"lazy\" decoding=\"async\" class=\"pic wp-image-752\"  data-valign=\"middle\" data-halign=\"center\" alt=\"\" data-full=\"https:\/\/dlf.uzh.ch\/sites\/khistglossar\/files\/2021\/02\/Evangelistar-2-1.png\" title=\"Evangelistar 2\" crop=\"\" width=\"1134\" height=\"914\" src=\"https:\/\/dlf.uzh.ch\/sites\/khistglossar\/files\/2021\/02\/Evangelistar-2-1.png\" data-src=\"https:\/\/dlf.uzh.ch\/sites\/khistglossar\/files\/2021\/02\/Evangelistar-2-1.png\" data-caption=\"Links R\u00fcckdeckel, unterteilt in drei Register mit Akanthusranken und Tierkampfszene, Himmelfahrt Mariens, Begegnung des Gallus mit dem B\u00e4ren, rechts der Vorderdeckel mit der Maiestas Domini um Zentrum, oben und unten Akanthusranken, Evangelium longum, St. Gallen, Stiftsbibliothek, Csg. 53.\n\" srcset=\"https:\/\/dlf.uzh.ch\/sites\/khistglossar\/files\/2021\/02\/Evangelistar-2-1.png 1134w, https:\/\/dlf.uzh.ch\/sites\/khistglossar\/files\/2021\/02\/Evangelistar-2-1-300x242.png 300w, https:\/\/dlf.uzh.ch\/sites\/khistglossar\/files\/2021\/02\/Evangelistar-2-1-1024x825.png 1024w, https:\/\/dlf.uzh.ch\/sites\/khistglossar\/files\/2021\/02\/Evangelistar-2-1-768x619.png 768w, https:\/\/dlf.uzh.ch\/sites\/khistglossar\/files\/2021\/02\/Evangelistar-2-1-465x375.png 465w, https:\/\/dlf.uzh.ch\/sites\/khistglossar\/files\/2021\/02\/Evangelistar-2-1-620x500.png 620w\" sizes=\"auto, (max-width: 1134px) 100vw, 1134px\" \/>\n\t\t<div class=\"figc\">\n\t\t\t<div class=\"figc-inner\">\n\t\t\t\t\t\t\t\t\t\t\t\t\t\t\t<\/div>\n\t\t<\/div>\n\n\t<\/div>\n\n<\/div><div class=\"modula-item effect-pufrobo\" >\n\t<div class=\"modula-item-overlay\"><\/div>\n\n\t<div class=\"modula-item-content\">\n\n\t\t<a data-image-id=\"753\" role=\"button\" tabindex=\"0\" rel=\"jtg-750\" data-caption=\"R\u00fcckdeckel, mit Akanthusranken und Tierkampfszene, Himmelfahrt Mariens, Begegnung des Gallus mit dem B\u00e4ren,  Evangelium longum, St. Gallen, Stiftsbibliothek, Csg. 53.\n\" aria-label=\"Bilder in Lightbox \u00f6ffnen\" class=\"tile-inner modula-item-link\"><\/a><img loading=\"lazy\" decoding=\"async\" class=\"pic wp-image-753\"  data-valign=\"middle\" data-halign=\"center\" alt=\"\" data-full=\"https:\/\/dlf.uzh.ch\/sites\/khistglossar\/files\/2021\/02\/Evangelistar-3-1.jpg\" title=\"Evangelistar 3\" crop=\"\" width=\"717\" height=\"1107\" src=\"https:\/\/dlf.uzh.ch\/sites\/khistglossar\/files\/2021\/02\/Evangelistar-3-1.jpg\" data-src=\"https:\/\/dlf.uzh.ch\/sites\/khistglossar\/files\/2021\/02\/Evangelistar-3-1.jpg\" data-caption=\"R\u00fcckdeckel, mit Akanthusranken und Tierkampfszene, Himmelfahrt Mariens, Begegnung des Gallus mit dem B\u00e4ren,  Evangelium longum, St. Gallen, Stiftsbibliothek, Csg. 53.\n\" srcset=\"https:\/\/dlf.uzh.ch\/sites\/khistglossar\/files\/2021\/02\/Evangelistar-3-1.jpg 717w, https:\/\/dlf.uzh.ch\/sites\/khistglossar\/files\/2021\/02\/Evangelistar-3-1-194x300.jpg 194w, https:\/\/dlf.uzh.ch\/sites\/khistglossar\/files\/2021\/02\/Evangelistar-3-1-663x1024.jpg 663w, https:\/\/dlf.uzh.ch\/sites\/khistglossar\/files\/2021\/02\/Evangelistar-3-1-356x550.jpg 356w, https:\/\/dlf.uzh.ch\/sites\/khistglossar\/files\/2021\/02\/Evangelistar-3-1-324x500.jpg 324w\" sizes=\"auto, (max-width: 717px) 100vw, 717px\" \/>\n\t\t<div class=\"figc\">\n\t\t\t<div class=\"figc-inner\">\n\t\t\t\t\t\t\t\t\t\t\t\t\t\t\t<\/div>\n\t\t<\/div>\n\n\t<\/div>\n\n<\/div><div class=\"modula-item effect-pufrobo\" >\n\t<div class=\"modula-item-overlay\"><\/div>\n\n\t<div class=\"modula-item-content\">\n\n\t\t<a data-image-id=\"754\" role=\"button\" tabindex=\"0\" rel=\"jtg-750\" data-caption=\"Vorderdeckel mit der Maiestas Domini im Zentrum, oben und unten Akanthusranken, Evangelium longum, St. Gallen, Stiftsbibliothek, Csg. 53.\n\" aria-label=\"Bilder in Lightbox \u00f6ffnen\" class=\"tile-inner modula-item-link\"><\/a><img loading=\"lazy\" decoding=\"async\" class=\"pic wp-image-754\"  data-valign=\"middle\" data-halign=\"center\" alt=\"\" data-full=\"https:\/\/dlf.uzh.ch\/sites\/khistglossar\/files\/2021\/02\/Evangelistar-4-1.png\" title=\"Evangelistar 4\" crop=\"\" width=\"819\" height=\"1117\" src=\"https:\/\/dlf.uzh.ch\/sites\/khistglossar\/files\/2021\/02\/Evangelistar-4-1.png\" data-src=\"https:\/\/dlf.uzh.ch\/sites\/khistglossar\/files\/2021\/02\/Evangelistar-4-1.png\" data-caption=\"Vorderdeckel mit der Maiestas Domini im Zentrum, oben und unten Akanthusranken, Evangelium longum, St. Gallen, Stiftsbibliothek, Csg. 53.\n\" srcset=\"https:\/\/dlf.uzh.ch\/sites\/khistglossar\/files\/2021\/02\/Evangelistar-4-1.png 819w, https:\/\/dlf.uzh.ch\/sites\/khistglossar\/files\/2021\/02\/Evangelistar-4-1-220x300.png 220w, https:\/\/dlf.uzh.ch\/sites\/khistglossar\/files\/2021\/02\/Evangelistar-4-1-751x1024.png 751w, https:\/\/dlf.uzh.ch\/sites\/khistglossar\/files\/2021\/02\/Evangelistar-4-1-768x1047.png 768w, https:\/\/dlf.uzh.ch\/sites\/khistglossar\/files\/2021\/02\/Evangelistar-4-1-403x550.png 403w, https:\/\/dlf.uzh.ch\/sites\/khistglossar\/files\/2021\/02\/Evangelistar-4-1-367x500.png 367w\" sizes=\"auto, (max-width: 819px) 100vw, 819px\" \/>\n\t\t<div class=\"figc\">\n\t\t\t<div class=\"figc-inner\">\n\t\t\t\t\t\t\t\t\t\t\t\t\t\t\t<\/div>\n\t\t<\/div>\n\n\t<\/div>\n\n<\/div><div class=\"modula-item effect-pufrobo\" >\n\t<div class=\"modula-item-overlay\"><\/div>\n\n\t<div class=\"modula-item-content\">\n\n\t\t<a data-image-id=\"1207\" role=\"button\" tabindex=\"0\" rel=\"jtg-750\" data-caption=\"\" aria-label=\"Bilder in Lightbox \u00f6ffnen\" class=\"tile-inner modula-item-link\"><\/a><img loading=\"lazy\" decoding=\"async\" class=\"pic wp-image-1207\"  data-valign=\"middle\" data-halign=\"center\" alt=\"\" data-full=\"https:\/\/dlf.uzh.ch\/sites\/khistglossar\/files\/2021\/05\/Evangelistar-9.jpg\" title=\"Evangelistar 9\" crop=\"\" width=\"982\" height=\"650\" src=\"https:\/\/dlf.uzh.ch\/sites\/khistglossar\/files\/2021\/05\/Evangelistar-9.jpg\" data-src=\"https:\/\/dlf.uzh.ch\/sites\/khistglossar\/files\/2021\/05\/Evangelistar-9.jpg\" data-caption=\"\" srcset=\"https:\/\/dlf.uzh.ch\/sites\/khistglossar\/files\/2021\/05\/Evangelistar-9.jpg 982w, https:\/\/dlf.uzh.ch\/sites\/khistglossar\/files\/2021\/05\/Evangelistar-9-300x199.jpg 300w, https:\/\/dlf.uzh.ch\/sites\/khistglossar\/files\/2021\/05\/Evangelistar-9-768x508.jpg 768w, https:\/\/dlf.uzh.ch\/sites\/khistglossar\/files\/2021\/05\/Evangelistar-9-465x308.jpg 465w, https:\/\/dlf.uzh.ch\/sites\/khistglossar\/files\/2021\/05\/Evangelistar-9-695x460.jpg 695w\" sizes=\"auto, (max-width: 982px) 100vw, 982px\" \/>\n\t\t<div class=\"figc no-description\">\n\t\t\t<div class=\"figc-inner\">\n\t\t\t\t\t\t\t\t\t\t\t\t\t\t\t<\/div>\n\t\t<\/div>\n\n\t<\/div>\n\n<\/div><div class=\"modula-item effect-pufrobo\" >\n\t<div class=\"modula-item-overlay\"><\/div>\n\n\t<div class=\"modula-item-content\">\n\n\t\t<a data-image-id=\"756\" role=\"button\" tabindex=\"0\" rel=\"jtg-750\" data-caption=\"Christus auf dem Himmelsthron, Buchkasten des Perikopenbuchs der \u00c4btissin Uta. M\u00fcnchen, Bayerische Staatsbibliothek, Clm 13601.\n\" aria-label=\"Bilder in Lightbox \u00f6ffnen\" class=\"tile-inner modula-item-link\"><\/a><img loading=\"lazy\" decoding=\"async\" class=\"pic wp-image-756\"  data-valign=\"middle\" data-halign=\"center\" alt=\"\" data-full=\"https:\/\/dlf.uzh.ch\/sites\/khistglossar\/files\/2021\/02\/Evangelistar-6-1.jpg\" title=\"Evangelistar 6\" crop=\"\" width=\"702\" height=\"959\" src=\"https:\/\/dlf.uzh.ch\/sites\/khistglossar\/files\/2021\/02\/Evangelistar-6-1.jpg\" data-src=\"https:\/\/dlf.uzh.ch\/sites\/khistglossar\/files\/2021\/02\/Evangelistar-6-1.jpg\" data-caption=\"Christus auf dem Himmelsthron, Buchkasten des Perikopenbuchs der \u00c4btissin Uta. M\u00fcnchen, Bayerische Staatsbibliothek, Clm 13601.\n\" srcset=\"https:\/\/dlf.uzh.ch\/sites\/khistglossar\/files\/2021\/02\/Evangelistar-6-1.jpg 702w, https:\/\/dlf.uzh.ch\/sites\/khistglossar\/files\/2021\/02\/Evangelistar-6-1-220x300.jpg 220w, https:\/\/dlf.uzh.ch\/sites\/khistglossar\/files\/2021\/02\/Evangelistar-6-1-403x550.jpg 403w, https:\/\/dlf.uzh.ch\/sites\/khistglossar\/files\/2021\/02\/Evangelistar-6-1-366x500.jpg 366w\" sizes=\"auto, (max-width: 702px) 100vw, 702px\" \/>\n\t\t<div class=\"figc\">\n\t\t\t<div class=\"figc-inner\">\n\t\t\t\t\t\t\t\t\t\t\t\t\t\t\t<\/div>\n\t\t<\/div>\n\n\t<\/div>\n\n<\/div><div class=\"modula-item effect-pufrobo\" >\n\t<div class=\"modula-item-overlay\"><\/div>\n\n\t<div class=\"modula-item-content\">\n\n\t\t<a data-image-id=\"757\" role=\"button\" tabindex=\"0\" rel=\"jtg-750\" data-caption=\"Christus auf dem Himmelsthron, Buchkasten des Perikopenbuchs der \u00c4btissin Uta. M\u00fcnchen, Bayerische Staatsbibliothek, Clm 13601.\n\" aria-label=\"Bilder in Lightbox \u00f6ffnen\" class=\"tile-inner modula-item-link\"><\/a><img loading=\"lazy\" decoding=\"async\" class=\"pic wp-image-757\"  data-valign=\"middle\" data-halign=\"center\" alt=\"\" data-full=\"https:\/\/dlf.uzh.ch\/sites\/khistglossar\/files\/2021\/02\/Evangelistar-7-1.jpg\" title=\"Evangelistar 7\" crop=\"\" width=\"1263\" height=\"844\" src=\"https:\/\/dlf.uzh.ch\/sites\/khistglossar\/files\/2021\/02\/Evangelistar-7-1.jpg\" data-src=\"https:\/\/dlf.uzh.ch\/sites\/khistglossar\/files\/2021\/02\/Evangelistar-7-1.jpg\" data-caption=\"Christus auf dem Himmelsthron, Buchkasten des Perikopenbuchs der \u00c4btissin Uta. M\u00fcnchen, Bayerische Staatsbibliothek, Clm 13601.\n\" srcset=\"https:\/\/dlf.uzh.ch\/sites\/khistglossar\/files\/2021\/02\/Evangelistar-7-1.jpg 1263w, https:\/\/dlf.uzh.ch\/sites\/khistglossar\/files\/2021\/02\/Evangelistar-7-1-300x200.jpg 300w, https:\/\/dlf.uzh.ch\/sites\/khistglossar\/files\/2021\/02\/Evangelistar-7-1-1024x684.jpg 1024w, https:\/\/dlf.uzh.ch\/sites\/khistglossar\/files\/2021\/02\/Evangelistar-7-1-768x513.jpg 768w, https:\/\/dlf.uzh.ch\/sites\/khistglossar\/files\/2021\/02\/Evangelistar-7-1-465x311.jpg 465w, https:\/\/dlf.uzh.ch\/sites\/khistglossar\/files\/2021\/02\/Evangelistar-7-1-695x464.jpg 695w\" sizes=\"auto, (max-width: 1263px) 100vw, 1263px\" \/>\n\t\t<div class=\"figc\">\n\t\t\t<div class=\"figc-inner\">\n\t\t\t\t\t\t\t\t\t\t\t\t\t\t\t<\/div>\n\t\t<\/div>\n\n\t<\/div>\n\n<\/div><div class=\"modula-item effect-pufrobo\" >\n\t<div class=\"modula-item-overlay\"><\/div>\n\n\t<div class=\"modula-item-content\">\n\n\t\t<a data-image-id=\"758\" role=\"button\" tabindex=\"0\" rel=\"jtg-750\" data-caption=\"Links Perikope zum Fest der Heiligen Drei K\u00f6nige, rechts Miniatur in zwei Registern: oben der Traum der K\u00f6nige mit einem Engel als Traumboten, unten die Heimfahrt der K\u00f6nige auf einem Segelschiff\nSpeyerer Evangelistar, um 1220. Karlsruhe, Landesbibliothek, Cod. Bruchsal 1, fol. 12v-13r.\n\" aria-label=\"Bilder in Lightbox \u00f6ffnen\" class=\"tile-inner modula-item-link\"><\/a><img loading=\"lazy\" decoding=\"async\" class=\"pic wp-image-758\"  data-valign=\"middle\" data-halign=\"center\" alt=\"\" data-full=\"https:\/\/dlf.uzh.ch\/sites\/khistglossar\/files\/2021\/02\/Evangelistar-8-1.png\" title=\"Evangelistar 8\" crop=\"\" width=\"1283\" height=\"873\" src=\"https:\/\/dlf.uzh.ch\/sites\/khistglossar\/files\/2021\/02\/Evangelistar-8-1.png\" data-src=\"https:\/\/dlf.uzh.ch\/sites\/khistglossar\/files\/2021\/02\/Evangelistar-8-1.png\" data-caption=\"Links Perikope zum Fest der Heiligen Drei K\u00f6nige, rechts Miniatur in zwei Registern: oben der Traum der K\u00f6nige mit einem Engel als Traumboten, unten die Heimfahrt der K\u00f6nige auf einem Segelschiff\nSpeyerer Evangelistar, um 1220. Karlsruhe, Landesbibliothek, Cod. Bruchsal 1, fol. 12v-13r.\n\" srcset=\"https:\/\/dlf.uzh.ch\/sites\/khistglossar\/files\/2021\/02\/Evangelistar-8-1.png 1283w, https:\/\/dlf.uzh.ch\/sites\/khistglossar\/files\/2021\/02\/Evangelistar-8-1-300x204.png 300w, https:\/\/dlf.uzh.ch\/sites\/khistglossar\/files\/2021\/02\/Evangelistar-8-1-1024x697.png 1024w, https:\/\/dlf.uzh.ch\/sites\/khistglossar\/files\/2021\/02\/Evangelistar-8-1-768x523.png 768w, https:\/\/dlf.uzh.ch\/sites\/khistglossar\/files\/2021\/02\/Evangelistar-8-1-465x316.png 465w, https:\/\/dlf.uzh.ch\/sites\/khistglossar\/files\/2021\/02\/Evangelistar-8-1-695x473.png 695w\" sizes=\"auto, (max-width: 1283px) 100vw, 1283px\" \/>\n\t\t<div class=\"figc\">\n\t\t\t<div class=\"figc-inner\">\n\t\t\t\t\t\t\t\t\t\t\t\t\t\t\t<\/div>\n\t\t<\/div>\n\n\t<\/div>\n\n<\/div>\t\t\n\t<\/div>\n\n\t\n\t\n\t<script type=\"application\/ld+json\">\n\t{\n\t\t\"@context\": \"http:\/\/schema.org\",\n\t\t\"@type\"   : \"ImageGallery\",\n\t\t\"id\"      : \"https:\/\/dlf.uzh.ch\/sites\/khistglossar\/2021\/02\/15\/evangelistar-perikopenbuch\/\",\n\t\t\"url\"     : \"https:\/\/dlf.uzh.ch\/sites\/khistglossar\/2021\/02\/15\/evangelistar-perikopenbuch\/\"\n\t}\n\n\t<\/script>\n\n\t\n<\/div>\n","protected":false},"excerpt":{"rendered":"<p>Handschrift mit den Evangelienlesungen (=Perikopen) bei der Messfeier. Im Unterschied zum Evangeliar enth\u00e4lt das Evangelistar nur Ausz\u00fcge aus den vier<span class=\"more-link\"><a href=\"https:\/\/dlf.uzh.ch\/sites\/khistglossar\/2021\/02\/15\/evangelistar-perikopenbuch\/\">&#8230;<\/a><\/span><\/p>\n","protected":false},"author":673,"featured_media":757,"comment_status":"closed","ping_status":"open","sticky":false,"template":"","format":"standard","meta":{"footnotes":""},"categories":[2,4],"tags":[],"class_list":["entry","author-khistglossar","post-759","post","type-post","status-publish","format-standard","has-post-thumbnail","category-buchkunst","category-gattungen"],"_links":{"self":[{"href":"https:\/\/dlf.uzh.ch\/sites\/khistglossar\/wp-json\/wp\/v2\/posts\/759","targetHints":{"allow":["GET"]}}],"collection":[{"href":"https:\/\/dlf.uzh.ch\/sites\/khistglossar\/wp-json\/wp\/v2\/posts"}],"about":[{"href":"https:\/\/dlf.uzh.ch\/sites\/khistglossar\/wp-json\/wp\/v2\/types\/post"}],"author":[{"embeddable":true,"href":"https:\/\/dlf.uzh.ch\/sites\/khistglossar\/wp-json\/wp\/v2\/users\/673"}],"replies":[{"embeddable":true,"href":"https:\/\/dlf.uzh.ch\/sites\/khistglossar\/wp-json\/wp\/v2\/comments?post=759"}],"version-history":[{"count":4,"href":"https:\/\/dlf.uzh.ch\/sites\/khistglossar\/wp-json\/wp\/v2\/posts\/759\/revisions"}],"predecessor-version":[{"id":1118,"href":"https:\/\/dlf.uzh.ch\/sites\/khistglossar\/wp-json\/wp\/v2\/posts\/759\/revisions\/1118"}],"wp:featuredmedia":[{"embeddable":true,"href":"https:\/\/dlf.uzh.ch\/sites\/khistglossar\/wp-json\/wp\/v2\/media\/757"}],"wp:attachment":[{"href":"https:\/\/dlf.uzh.ch\/sites\/khistglossar\/wp-json\/wp\/v2\/media?parent=759"}],"wp:term":[{"taxonomy":"category","embeddable":true,"href":"https:\/\/dlf.uzh.ch\/sites\/khistglossar\/wp-json\/wp\/v2\/categories?post=759"},{"taxonomy":"post_tag","embeddable":true,"href":"https:\/\/dlf.uzh.ch\/sites\/khistglossar\/wp-json\/wp\/v2\/tags?post=759"}],"curies":[{"name":"wp","href":"https:\/\/api.w.org\/{rel}","templated":true}]}}