{"id":397,"date":"2025-02-05T10:10:37","date_gmt":"2025-02-05T10:10:37","guid":{"rendered":"https:\/\/dlf.uzh.ch\/sites\/frauenrechtsgeschichte\/?p=397"},"modified":"2025-08-14T10:57:14","modified_gmt":"2025-08-14T10:57:14","slug":"marie-josephe-lachat-2","status":"publish","type":"post","link":"https:\/\/dlf.uzh.ch\/sites\/frauenrechtsgeschichte\/2025\/02\/05\/marie-josephe-lachat-2\/","title":{"rendered":"Marie-Jos\u00e8phe Lachat"},"content":{"rendered":"<p><span style=\"color: #333333;\">Marie-Jos\u00e8phe Lachat ist in einer Familie mit vier Br\u00fcdern in einem kleinen Dorf im Jura aufgewachsen. Ihre Eltern, die sie unterst\u00fctzten, pr\u00e4gten ihr Leben. Ihre Kindheit war von einer Mischung aus Einsamkeit und dem Bewusstsein, privilegiert zu sein, gepr\u00e4gt. Schon in jungen Jahren sah sie es als ihre Verantwortung an, anderen zu helfen. Insbesondere der Tod ihres Bruders, als sie zw\u00f6lf Jahre alt war, forderte sie heraus, erwachsen zu werden und den Wert des Lebens und die Dringlichkeit des Handelns zu verstehen.<\/span><\/p>\n<p><span style=\"color: #333333;\">Dieser drastische Verlust motivierte sie, die Welt zu ver\u00e4ndern. Bereits als Teenager engagierte sie sich gegen Ungleichheit. Dann vertieft ihr Soziologiestudium an der nahegelegen Universit\u00e4t Neuch\u00e2tel dieses Engagement.<\/span><\/p>\n<p><span style=\"color: #333333;\">Insbesondere ein Seminar \u00fcber die Geschichte der Frauenarbeit weckte ihr Interesse an der Ungleichheit der Geschlechter die ihr eigenes Leben stark beeinflussten. <\/span><br \/>\n<span style=\"color: #333333;\">Nach Abschluss ihres Studiums engagiert sie sich f\u00fcr den zuk\u00fcnftigen neuen Kanton, u. a. mit einer Studie \u00fcber die bestehenden Sozialdienste. Dann interessierte sie sich f\u00fcr die Konkretisierung des Verfassungsartikels, der die Schaffung eines \u201eBureau de la condition f\u00e9minine\u201c (BCF) forderte, indem sie ein Praktikum beim delegierten Ministerium f\u00fcr Frauenfragen in Paris absolvierte. Die jurassische Verfassung gab dem BCF unter anderem folgende Aufgaben: \u201eVerbesserung der Stellung der Frau; F\u00f6rderung des Zugangs der Frau zu allen Verantwortungsstufen; Beseitigung der Diskriminierungen, denen sie ausgesetzt sein kann.\u201c (Art. 44).<\/span><\/p>\n<p><span style=\"color: #333333;\">1979 wird sie zur Leiterin des BCF ernannt. <\/span><br \/>\n<span style=\"color: #333333;\">Da es au\u00dfer den Verfassungsgrunds\u00e4tzen noch keine gesetzlichen Bestimmungen gab, arbeitete sie zun\u00e4chst an der Sensibilisierung und Bewusstseinsbildung, indem sie die Ungleichheiten zuerst im Bildungssektor anprangerte, da sie davon \u00fcberzeugt war, dass Gleichheit nur erreicht werden kann, wenn M\u00e4dchen und Jungen die gleichen Bildungsm\u00f6glichkeiten erhalten. Ihre Arbeit stiess nicht nur auf Zustimmung, sondern auch auf Widerstand. Sie blieb jedoch hartn\u00e4ckig und setzte ihre Ideen mit grossem Engagement um.<\/span><\/p>\n<p><span style=\"color: #333333;\">Marie-Jos\u00e8phe Lachat nutzte ihr privilegiertes Leben, um sich f\u00fcr soziale Gerechtigkeit und die Rechte der Frauen einzusetzen. Ihre Geschichte ist ein Beispiel f\u00fcr den unerm\u00fcdlichen Einsatz einer Frau, die ihre eigenen Erfahrungen und Privilegien genutzt hat, um den Weg f\u00fcr eine gerechtere Gesellschaft zu ebnen.<\/span><\/p>\n<p><iframe loading=\"lazy\" id=\"kmsembed-0_yfbhr29o\" class=\"kmsembed\" title=\"Interview Marie-Jos\u00e8phe Lachat\" src=\"https:\/\/uzh.mediaspace.cast.switch.ch\/embed\/secure\/iframe\/entryId\/0_yfbhr29o\/uiConfId\/23449004\/st\/0\" width=\"826\" height=\"465\" frameborder=\"0\" sandbox=\"allow-downloads allow-forms allow-same-origin allow-scripts allow-top-navigation allow-pointer-lock allow-popups allow-modals allow-orientation-lock allow-popups-to-escape-sandbox allow-presentation allow-top-navigation-by-user-activation\" allowfullscreen=\"allowfullscreen\"><\/iframe><\/p>\n","protected":false},"excerpt":{"rendered":"<p>Marie-Jos\u00e8phe Lachat ist in einer Familie mit vier Br\u00fcdern in einem kleinen Dorf im Jura aufgewachsen. Ihre Eltern, die sie unterst\u00fctzten, pr\u00e4gten ihr Leben. Ihre&hellip;<\/p>\n","protected":false},"author":949,"featured_media":734,"comment_status":"closed","ping_status":"open","sticky":false,"template":"","format":"standard","meta":{"footnotes":""},"categories":[1],"tags":[],"class_list":["post-397","post","type-post","status-publish","format-standard","has-post-thumbnail","hentry","category-podcasts-de"],"_links":{"self":[{"href":"https:\/\/dlf.uzh.ch\/sites\/frauenrechtsgeschichte\/wp-json\/wp\/v2\/posts\/397","targetHints":{"allow":["GET"]}}],"collection":[{"href":"https:\/\/dlf.uzh.ch\/sites\/frauenrechtsgeschichte\/wp-json\/wp\/v2\/posts"}],"about":[{"href":"https:\/\/dlf.uzh.ch\/sites\/frauenrechtsgeschichte\/wp-json\/wp\/v2\/types\/post"}],"author":[{"embeddable":true,"href":"https:\/\/dlf.uzh.ch\/sites\/frauenrechtsgeschichte\/wp-json\/wp\/v2\/users\/949"}],"replies":[{"embeddable":true,"href":"https:\/\/dlf.uzh.ch\/sites\/frauenrechtsgeschichte\/wp-json\/wp\/v2\/comments?post=397"}],"version-history":[{"count":5,"href":"https:\/\/dlf.uzh.ch\/sites\/frauenrechtsgeschichte\/wp-json\/wp\/v2\/posts\/397\/revisions"}],"predecessor-version":[{"id":723,"href":"https:\/\/dlf.uzh.ch\/sites\/frauenrechtsgeschichte\/wp-json\/wp\/v2\/posts\/397\/revisions\/723"}],"wp:featuredmedia":[{"embeddable":true,"href":"https:\/\/dlf.uzh.ch\/sites\/frauenrechtsgeschichte\/wp-json\/wp\/v2\/media\/734"}],"wp:attachment":[{"href":"https:\/\/dlf.uzh.ch\/sites\/frauenrechtsgeschichte\/wp-json\/wp\/v2\/media?parent=397"}],"wp:term":[{"taxonomy":"category","embeddable":true,"href":"https:\/\/dlf.uzh.ch\/sites\/frauenrechtsgeschichte\/wp-json\/wp\/v2\/categories?post=397"},{"taxonomy":"post_tag","embeddable":true,"href":"https:\/\/dlf.uzh.ch\/sites\/frauenrechtsgeschichte\/wp-json\/wp\/v2\/tags?post=397"}],"curies":[{"name":"wp","href":"https:\/\/api.w.org\/{rel}","templated":true}]}}