{"id":961,"date":"2017-03-07T14:56:33","date_gmt":"2017-03-07T13:56:33","guid":{"rendered":"http:\/\/www.phil.uzh.ch\/elearning\/blog\/despues-de-trujillo\/?p=961"},"modified":"2017-04-05T10:12:22","modified_gmt":"2017-04-05T08:12:22","slug":"cine-foro-museo-memorial-de-la-resistencia-dominicana-8-12-16","status":"publish","type":"post","link":"https:\/\/dlf.uzh.ch\/sites\/despues-de-trujillo\/2017\/03\/cine-foro-museo-memorial-de-la-resistencia-dominicana-8-12-16\/","title":{"rendered":"VIDEO: Cine Foro en el Museo Memorial de la Resistencia Dominicana, 8.12.16"},"content":{"rendered":"\n<!-- iframe plugin v.6.0 wordpress.org\/plugins\/iframe\/ -->\n<iframe loading=\"lazy\" src=\"https:\/\/tube.switch.ch\/embed\/a8016ee5\" width=\"852\" height=\"480\" frameborder=\"0\" allowfullscreen=\"allowfullscreen\" scrolling=\"yes\" class=\"iframe-class\"><\/iframe>\n\n<p>Nuestra \u00faltima proyecci\u00f3n en la Rep\u00fablica Dominicana durante nuestro viaje de noviembre-diciembre de 2016 se hizo en compa\u00f1\u00eda muy especial. Contamos con la participaci\u00f3n de Tomasina Cabral, quien fue integrante del Movimiento 14 de Junio, que luch\u00f3 contra la dictadura de Trujillo; de Noris Gonz\u00e1lez Mirabal, hija de Patria Mirabal y Directora de la Fundaci\u00f3n Hermanas Mirabal; y Luis De Pe\u00f1a D\u00edaz, Directora del Museo Memorial de la Resistencia Dominicana. Pueden ver el video de la presentaci\u00f3n y la discusi\u00f3n\u00a0aqu\u00ed.<\/p>\n<p>&nbsp;<\/p>\n","protected":false},"excerpt":{"rendered":"<p>Nuestra \u00faltima proyecci\u00f3n en la Rep\u00fablica Dominicana durante nuestro viaje de noviembre-diciembre de 2016 se hizo en compa\u00f1\u00eda muy especial. Contamos con la participaci\u00f3n de Tomasina Cabral, quien fue integrante del Movimiento 14 de Junio, que luch\u00f3 contra la dictadura de Trujillo; de Noris Gonz\u00e1lez Mirabal, hija de Patria Mirabal y Directora de la Fundaci\u00f3n [&hellip;]<\/p>\n","protected":false},"author":269,"featured_media":966,"comment_status":"open","ping_status":"open","sticky":false,"template":"","format":"standard","meta":{"footnotes":""},"categories":[66],"tags":[69,23,31,55,60,73,85,19,82,81,84,30,18,83],"class_list":["post-961","post","type-post","status-publish","format-standard","has-post-thumbnail","hentry","category-cine-foros-audio","tag-after-trujillo","tag-despues-de-trujillo","tag-dictadura","tag-documental","tag-documentary","tag-film","tag-luisa-de-pena","tag-memoria","tag-movimiento-14-de-junio","tag-museo-memorial-de-la-resistencia-dominicana","tag-noris-gonzalez-mirabal","tag-rafael-trujillo","tag-republica-dominicana","tag-tomasina-cabral"],"_links":{"self":[{"href":"https:\/\/dlf.uzh.ch\/sites\/despues-de-trujillo\/wp-json\/wp\/v2\/posts\/961","targetHints":{"allow":["GET"]}}],"collection":[{"href":"https:\/\/dlf.uzh.ch\/sites\/despues-de-trujillo\/wp-json\/wp\/v2\/posts"}],"about":[{"href":"https:\/\/dlf.uzh.ch\/sites\/despues-de-trujillo\/wp-json\/wp\/v2\/types\/post"}],"author":[{"embeddable":true,"href":"https:\/\/dlf.uzh.ch\/sites\/despues-de-trujillo\/wp-json\/wp\/v2\/users\/269"}],"replies":[{"embeddable":true,"href":"https:\/\/dlf.uzh.ch\/sites\/despues-de-trujillo\/wp-json\/wp\/v2\/comments?post=961"}],"version-history":[{"count":13,"href":"https:\/\/dlf.uzh.ch\/sites\/despues-de-trujillo\/wp-json\/wp\/v2\/posts\/961\/revisions"}],"predecessor-version":[{"id":995,"href":"https:\/\/dlf.uzh.ch\/sites\/despues-de-trujillo\/wp-json\/wp\/v2\/posts\/961\/revisions\/995"}],"wp:featuredmedia":[{"embeddable":true,"href":"https:\/\/dlf.uzh.ch\/sites\/despues-de-trujillo\/wp-json\/wp\/v2\/media\/966"}],"wp:attachment":[{"href":"https:\/\/dlf.uzh.ch\/sites\/despues-de-trujillo\/wp-json\/wp\/v2\/media?parent=961"}],"wp:term":[{"taxonomy":"category","embeddable":true,"href":"https:\/\/dlf.uzh.ch\/sites\/despues-de-trujillo\/wp-json\/wp\/v2\/categories?post=961"},{"taxonomy":"post_tag","embeddable":true,"href":"https:\/\/dlf.uzh.ch\/sites\/despues-de-trujillo\/wp-json\/wp\/v2\/tags?post=961"}],"curies":[{"name":"wp","href":"https:\/\/api.w.org\/{rel}","templated":true}]}}