{"id":897,"date":"2017-03-06T10:27:34","date_gmt":"2017-03-06T09:27:34","guid":{"rendered":"http:\/\/www.phil.uzh.ch\/elearning\/blog\/despues-de-trujillo\/?p=897"},"modified":"2017-03-06T10:28:06","modified_gmt":"2017-03-06T09:28:06","slug":"audio-cine-for-centro-leon-30-11-16","status":"publish","type":"post","link":"https:\/\/dlf.uzh.ch\/sites\/despues-de-trujillo\/2017\/03\/audio-cine-for-centro-leon-30-11-16\/","title":{"rendered":"AUDIO: Cine Foro, Centro Le\u00f3n, 30.11.16"},"content":{"rendered":"<p><strong>Rafael Emilio Yun\u00e9n<\/strong>:\u00a0Ge\u00f3grafo, profesor universitario y consultor de proyectos urbanos, ambientales y culturales. Docente en la Pontificia Universidad Cat\u00f3lica Madre y Maestra, donde fund\u00f3 el Centro de Estudios Urbanos y Regionales (CEUR) y la Maestr\u00eda en Planificaci\u00f3n Urbana y Gesti\u00f3n Municipal.<\/p>\n<!--[if lt IE 9]><script>document.createElement('audio');<\/script><![endif]-->\n<audio class=\"wp-audio-shortcode\" id=\"audio-897-1\" preload=\"none\" style=\"width: 100%;\" controls=\"controls\"><source type=\"audio\/mpeg\" src=\"http:\/\/www.phil.uzh.ch\/elearning\/blog\/despues-de-trujillo\/files\/2017\/03\/Rafael-Emilio-Yunen_Centro-Leon_301116.mp3?_=1\" \/><a href=\"http:\/\/www.phil.uzh.ch\/elearning\/blog\/despues-de-trujillo\/files\/2017\/03\/Rafael-Emilio-Yunen_Centro-Leon_301116.mp3\">http:\/\/www.phil.uzh.ch\/elearning\/blog\/despues-de-trujillo\/files\/2017\/03\/Rafael-Emilio-Yunen_Centro-Leon_301116.mp3<\/a><\/audio>\n<p>&nbsp;<\/p>\n<p><em><strong>Discusi\u00f3n con el p\u00fablico<\/strong><\/em><strong> (Parte I)<\/strong><\/p>\n<audio class=\"wp-audio-shortcode\" id=\"audio-897-2\" preload=\"none\" style=\"width: 100%;\" controls=\"controls\"><source type=\"audio\/mpeg\" src=\"http:\/\/www.phil.uzh.ch\/elearning\/blog\/despues-de-trujillo\/files\/2017\/03\/Q_A_1_CENTRO-LEON.mp3?_=2\" \/><a href=\"http:\/\/www.phil.uzh.ch\/elearning\/blog\/despues-de-trujillo\/files\/2017\/03\/Q_A_1_CENTRO-LEON.mp3\">http:\/\/www.phil.uzh.ch\/elearning\/blog\/despues-de-trujillo\/files\/2017\/03\/Q_A_1_CENTRO-LEON.mp3<\/a><\/audio>\n<p>&nbsp;<\/p>\n<p><em><strong>Discusi\u00f3n con el p\u00fablico<\/strong><\/em><strong>\u00a0(Parte II)<\/strong><\/p>\n<audio class=\"wp-audio-shortcode\" id=\"audio-897-3\" preload=\"none\" style=\"width: 100%;\" controls=\"controls\"><source type=\"audio\/mpeg\" src=\"http:\/\/www.phil.uzh.ch\/elearning\/blog\/despues-de-trujillo\/files\/2017\/03\/Q_A_2_CENTRO-LEON.mp3?_=3\" \/><a href=\"http:\/\/www.phil.uzh.ch\/elearning\/blog\/despues-de-trujillo\/files\/2017\/03\/Q_A_2_CENTRO-LEON.mp3\">http:\/\/www.phil.uzh.ch\/elearning\/blog\/despues-de-trujillo\/files\/2017\/03\/Q_A_2_CENTRO-LEON.mp3<\/a><\/audio>\n","protected":false},"excerpt":{"rendered":"<p>Rafael Emilio Yun\u00e9n:\u00a0Ge\u00f3grafo, profesor universitario y consultor de proyectos urbanos, ambientales y culturales. Docente en la Pontificia Universidad Cat\u00f3lica Madre y Maestra, donde fund\u00f3 el Centro de Estudios Urbanos y Regionales (CEUR) y la Maestr\u00eda en Planificaci\u00f3n Urbana y Gesti\u00f3n Municipal. &nbsp; Discusi\u00f3n con el p\u00fablico (Parte I) &nbsp; Discusi\u00f3n con el p\u00fablico\u00a0(Parte II)<\/p>\n","protected":false},"author":269,"featured_media":898,"comment_status":"open","ping_status":"closed","sticky":false,"template":"","format":"standard","meta":{"footnotes":""},"categories":[66],"tags":[78,23,55,56,24,79],"class_list":["post-897","post","type-post","status-publish","format-standard","has-post-thumbnail","hentry","category-cine-foros-audio","tag-centro-leon","tag-despues-de-trujillo","tag-documental","tag-jorge-dominguez-dubuc","tag-lisa-blackmore","tag-rafael-emilio-yunen"],"_links":{"self":[{"href":"https:\/\/dlf.uzh.ch\/sites\/despues-de-trujillo\/wp-json\/wp\/v2\/posts\/897","targetHints":{"allow":["GET"]}}],"collection":[{"href":"https:\/\/dlf.uzh.ch\/sites\/despues-de-trujillo\/wp-json\/wp\/v2\/posts"}],"about":[{"href":"https:\/\/dlf.uzh.ch\/sites\/despues-de-trujillo\/wp-json\/wp\/v2\/types\/post"}],"author":[{"embeddable":true,"href":"https:\/\/dlf.uzh.ch\/sites\/despues-de-trujillo\/wp-json\/wp\/v2\/users\/269"}],"replies":[{"embeddable":true,"href":"https:\/\/dlf.uzh.ch\/sites\/despues-de-trujillo\/wp-json\/wp\/v2\/comments?post=897"}],"version-history":[{"count":3,"href":"https:\/\/dlf.uzh.ch\/sites\/despues-de-trujillo\/wp-json\/wp\/v2\/posts\/897\/revisions"}],"predecessor-version":[{"id":901,"href":"https:\/\/dlf.uzh.ch\/sites\/despues-de-trujillo\/wp-json\/wp\/v2\/posts\/897\/revisions\/901"}],"wp:featuredmedia":[{"embeddable":true,"href":"https:\/\/dlf.uzh.ch\/sites\/despues-de-trujillo\/wp-json\/wp\/v2\/media\/898"}],"wp:attachment":[{"href":"https:\/\/dlf.uzh.ch\/sites\/despues-de-trujillo\/wp-json\/wp\/v2\/media?parent=897"}],"wp:term":[{"taxonomy":"category","embeddable":true,"href":"https:\/\/dlf.uzh.ch\/sites\/despues-de-trujillo\/wp-json\/wp\/v2\/categories?post=897"},{"taxonomy":"post_tag","embeddable":true,"href":"https:\/\/dlf.uzh.ch\/sites\/despues-de-trujillo\/wp-json\/wp\/v2\/tags?post=897"}],"curies":[{"name":"wp","href":"https:\/\/api.w.org\/{rel}","templated":true}]}}