{"id":800,"date":"2016-12-06T00:19:09","date_gmt":"2016-12-05T23:19:09","guid":{"rendered":"http:\/\/www.phil.uzh.ch\/elearning\/blog\/despues-de-trujillo\/?p=800"},"modified":"2016-12-06T00:23:13","modified_gmt":"2016-12-05T23:23:13","slug":"entrevista-en-listin-diario-30-noviembre-2016","status":"publish","type":"post","link":"https:\/\/dlf.uzh.ch\/sites\/despues-de-trujillo\/2016\/12\/entrevista-en-listin-diario-30-noviembre-2016\/","title":{"rendered":"Entrevista en List\u00edn Diario, 30 noviembre 2016"},"content":{"rendered":"<p><img loading=\"lazy\" decoding=\"async\" class=\"aligncenter wp-image-801\" src=\"http:\/\/www.phil.uzh.ch\/elearning\/blog\/despues-de-trujillo\/files\/2016\/12\/Listin_Diario-De-c\u00f3mo-el-r\u00e9gimen-de-Trujillo-impact\u00f3-en-el-paisaje-natural-y-social_Page_1.jpg\" alt=\"listin_diario-de-como-el-regimen-de-trujillo-impacto-en-el-paisaje-natural-y-social_page_1\" width=\"1654\" height=\"2339\" \/> <img loading=\"lazy\" decoding=\"async\" class=\"aligncenter wp-image-802 size-full\" src=\"http:\/\/www.phil.uzh.ch\/elearning\/blog\/despues-de-trujillo\/files\/2016\/12\/Listin_Diario-De-c\u00f3mo-el-r\u00e9gimen-de-Trujillo-impact\u00f3-en-el-paisaje-natural-y-social_Page_2.jpg\" alt=\"listin_diario-de-como-el-regimen-de-trujillo-impacto-en-el-paisaje-natural-y-social_page_2\" width=\"1654\" height=\"2339\" srcset=\"https:\/\/dlf.uzh.ch\/sites\/despues-de-trujillo\/files\/2016\/12\/Listin_Diario-De-c\u00f3mo-el-r\u00e9gimen-de-Trujillo-impact\u00f3-en-el-paisaje-natural-y-social_Page_2.jpg 1654w, https:\/\/dlf.uzh.ch\/sites\/despues-de-trujillo\/files\/2016\/12\/Listin_Diario-De-c\u00f3mo-el-r\u00e9gimen-de-Trujillo-impact\u00f3-en-el-paisaje-natural-y-social_Page_2-768x1086.jpg 768w\" sizes=\"auto, (max-width: 1654px) 100vw, 1654px\" \/> <img loading=\"lazy\" decoding=\"async\" class=\"aligncenter wp-image-803 size-full\" src=\"http:\/\/www.phil.uzh.ch\/elearning\/blog\/despues-de-trujillo\/files\/2016\/12\/Listin_Diario-De-c\u00f3mo-el-r\u00e9gimen-de-Trujillo-impact\u00f3-en-el-paisaje-natural-y-social_Page_3.jpg\" alt=\"listin_diario-de-como-el-regimen-de-trujillo-impacto-en-el-paisaje-natural-y-social_page_3\" width=\"1654\" height=\"2339\" srcset=\"https:\/\/dlf.uzh.ch\/sites\/despues-de-trujillo\/files\/2016\/12\/Listin_Diario-De-c\u00f3mo-el-r\u00e9gimen-de-Trujillo-impact\u00f3-en-el-paisaje-natural-y-social_Page_3.jpg 1654w, https:\/\/dlf.uzh.ch\/sites\/despues-de-trujillo\/files\/2016\/12\/Listin_Diario-De-c\u00f3mo-el-r\u00e9gimen-de-Trujillo-impact\u00f3-en-el-paisaje-natural-y-social_Page_3-768x1086.jpg 768w\" sizes=\"auto, (max-width: 1654px) 100vw, 1654px\" \/><\/p>\n","protected":false},"excerpt":{"rendered":"","protected":false},"author":269,"featured_media":806,"comment_status":"open","ping_status":"closed","sticky":false,"template":"","format":"standard","meta":{"footnotes":""},"categories":[57],"tags":[23,55,60,62,56,24,59,61,58],"class_list":["post-800","post","type-post","status-publish","format-standard","has-post-thumbnail","hentry","category-prensa","tag-despues-de-trujillo","tag-documental","tag-documentary","tag-dominican-republic","tag-jorge-dominguez-dubuc","tag-lisa-blackmore","tag-listin-diario","tag-research","tag-zurich"],"_links":{"self":[{"href":"https:\/\/dlf.uzh.ch\/sites\/despues-de-trujillo\/wp-json\/wp\/v2\/posts\/800","targetHints":{"allow":["GET"]}}],"collection":[{"href":"https:\/\/dlf.uzh.ch\/sites\/despues-de-trujillo\/wp-json\/wp\/v2\/posts"}],"about":[{"href":"https:\/\/dlf.uzh.ch\/sites\/despues-de-trujillo\/wp-json\/wp\/v2\/types\/post"}],"author":[{"embeddable":true,"href":"https:\/\/dlf.uzh.ch\/sites\/despues-de-trujillo\/wp-json\/wp\/v2\/users\/269"}],"replies":[{"embeddable":true,"href":"https:\/\/dlf.uzh.ch\/sites\/despues-de-trujillo\/wp-json\/wp\/v2\/comments?post=800"}],"version-history":[{"count":4,"href":"https:\/\/dlf.uzh.ch\/sites\/despues-de-trujillo\/wp-json\/wp\/v2\/posts\/800\/revisions"}],"predecessor-version":[{"id":808,"href":"https:\/\/dlf.uzh.ch\/sites\/despues-de-trujillo\/wp-json\/wp\/v2\/posts\/800\/revisions\/808"}],"wp:featuredmedia":[{"embeddable":true,"href":"https:\/\/dlf.uzh.ch\/sites\/despues-de-trujillo\/wp-json\/wp\/v2\/media\/806"}],"wp:attachment":[{"href":"https:\/\/dlf.uzh.ch\/sites\/despues-de-trujillo\/wp-json\/wp\/v2\/media?parent=800"}],"wp:term":[{"taxonomy":"category","embeddable":true,"href":"https:\/\/dlf.uzh.ch\/sites\/despues-de-trujillo\/wp-json\/wp\/v2\/categories?post=800"},{"taxonomy":"post_tag","embeddable":true,"href":"https:\/\/dlf.uzh.ch\/sites\/despues-de-trujillo\/wp-json\/wp\/v2\/tags?post=800"}],"curies":[{"name":"wp","href":"https:\/\/api.w.org\/{rel}","templated":true}]}}