{"id":784,"date":"2016-11-28T00:45:08","date_gmt":"2016-11-27T23:45:08","guid":{"rendered":"http:\/\/www.phil.uzh.ch\/elearning\/blog\/despues-de-trujillo\/?p=784"},"modified":"2016-11-28T00:45:08","modified_gmt":"2016-11-27T23:45:08","slug":"research-led-film-o-film-led-research-apuntes-sobre-la-metodologia","status":"publish","type":"post","link":"https:\/\/dlf.uzh.ch\/sites\/despues-de-trujillo\/2016\/11\/research-led-film-o-film-led-research-apuntes-sobre-la-metodologia\/","title":{"rendered":"Research-led film o Film-led research? Apuntes sobre la metodolog\u00eda"},"content":{"rendered":"<p>El cruce entre investigaci\u00f3n acad\u00e9mica y la producci\u00f3n audiovisual est\u00e1 generando <a href=\"http:\/\/theconversation.com\/should-film-making-count-as-research-thats-debatable-33371\" target=\"_blank\">debates<\/a> dentro de la academia donde se discute su relevancia como metodolog\u00eda y como producto (<em>output<\/em>) de investigaci\u00f3n. En ingl\u00e9s, esta pr\u00e1ctica suele llamarse <em>research-led filmmaking: <\/em>un t\u00e9rmino dif\u00edcil de traducir al espa\u00f1ol, pero que se refiere a la producci\u00f3n audiovisual <em>impulsado por<\/em> la investigaci\u00f3n acad\u00e9mica. Tambi\u00e9n se habla de <em>research films<\/em>: productos audiovisuales, sean documentales, cortos, largos, o animaciones, que est\u00e1n vinculados a la investigaci\u00f3n.<\/p>\n<p>El <a href=\"http:\/\/www.ahrc.ac.uk\" target=\"_blank\">Arts and Humanities Research Council <\/a>(Consejo de Investigaci\u00f3n en las Artes y las Humanidades), del Reino Unido, que hace unas semanas celebr\u00f3 su segunda edici\u00f3n de premios, define este tipo de pr\u00e1ctica en los siguientes t\u00e9rminos: \u201c<a href=\"http:\/\/www.ahrc.ac.uk\/documents\/calls\/research-in-film-awards-2016\/\" target=\"_blank\">Films que abarcan los mundos de la realizaci\u00f3n audiovisual y la investigaci\u00f3n de las artes y las humanides<\/a>,\u201d films que se hacen \u201ca trav\u00e9s y como resultado de la investigaci\u00f3n, como productos principales, productos paralelos, registros de investigaci\u00f3n, herramientas de difusi\u00f3n, o investigaci\u00f3n pr\u00e1ctica.\u201d\u00a0(Algunos de los films de las diferentes categor\u00edas de los premios pueden verse <a href=\"https:\/\/storify.com\/ahrcpress\/research-in-film-awards-2016\" target=\"_blank\">aqu\u00ed<\/a>).<\/p>\n<p><strong>Telling Stories<\/strong><\/p>\n<p>Para el <a href=\"https:\/\/lasa.international.pitt.edu\/eng\/congress\/\" target=\"_blank\">congreso<\/a> de la Asociaci\u00f3n de Estudios Latinoamericanos (LASA, por sus siglas en ingl\u00e9s) a celebrarse en Lima, Per\u00fa, en abril del 2017, junto con mi colega <a href=\"http:\/\/www.romanistik.uni-halle.de\/studienbereiche\/professurbremer\/dr._liliana_g_mez-popescu\/\" target=\"_blank\">Liliana G\u00f3mez-Popescu<\/a>, convocamos un taller para la <a href=\"https:\/\/lasa.international.pitt.edu\/eng\/sections\/visual-culture-studies.aspx\" target=\"_blank\">Secci\u00f3n de Estudios Visuales<\/a> titulado<strong><em> Telling Stories: Filmmaking and Academic Research<\/em><\/strong> que abre un espacio para pensar las implicaciones de realizar audiovisuales en paralelo con la investigaci\u00f3n acad\u00e9mica.<\/p>\n<blockquote><p><em>\u00a0<\/em>The workshop brings together scholar-filmmakers who have embryonic, in-process, or completed research-led films. We are interested in probing the \ufb01lmmaking process and exploring the tensions it generates for scholarly research by addressing practical and theoretical concerns, different modes of fieldwork, critical inquiry, and visual and narrative methodologies. Research-led filmmaking raises questions about the procedures and materials available to construct personal and collective histories. It might allow for a new understanding of the materiality of the visual and its uneven political and psychic sedimentations in present-day responses and contestations. With this in mind, the workshop seeks to create a space to consider how films and filmmaking help us grasp historical processes and forms of consciousness, which might otherwise be inaccessible.<\/p>\n<p>We ask: How could oral histories, fictions, and archival records help to resolve frozen or protracted political conflicts, along with their residual spaces and dissonant remembrances? How does storytelling shape processes of reconciliation and transitional justice and possibly allow alternative writings of history? How do subjective experiences of political and epistemic violence and their respective material latencies become tangible? And how does visual storytelling make palpable the less perceptible affects of these residual spaces and their settling into social ecologies, which in academic research remain opaque? Through these questions, the workshop seeks to address creative human rights, political history and poetic form, public and private memories, and finally <em>storytelling<\/em> as site for the production and circulation of historical understanding and civil imaginations.<\/p><\/blockquote>\n<p><em>Despu\u00e9s de Trujillo<\/em><\/p>\n<p>Tanto la preparaci\u00f3n de ese taller como la realizaci\u00f3n y difusi\u00f3n de <em>Despu\u00e9s de Trujillo<\/em>, me he puesto a pensar sobre la metodolog\u00eda que adoptamos. Nos hemos referido al documental como un \u201cresearch-led film\u201d o un \u201cdocumental acad\u00e9mico\u201d y, en cierta manera, esos t\u00e9rminos siguen siendo apropiados. Sin embargo, tambi\u00e9n hay que reconocer que son etiquetas muy amplias, y que por eso exigen mayor precisi\u00f3n. En ese sentido, es \u00fatil puntualizar cu\u00e1l definici\u00f3n aplica mejor en nuestro caso, reflexionando sobre el proceso de trabajo:<\/p>\n<ul>\n<li><strong>La relaci\u00f3n entre formas audiovisuales y textuales<\/strong><\/li>\n<li><strong>Las fases de producci\u00f3n y de an\u00e1lisis<\/strong><\/li>\n<li><strong>Las implicaciones que tuvo el trabajo audiovisual para la investigaci\u00f3n que desarroll\u00e9 antes, durante, y despu\u00e9s del rodaje y la edici\u00f3n<\/strong><\/li>\n<li><strong>Las confrontaciones productivas (\u00a1y conflictivas!) entre las metodolog\u00edas audiovisuales e acad\u00e9micas<\/strong><\/li>\n<\/ul>\n<p>Luego ir\u00e9 publicando algunos textos sobre estas preguntas.<\/p>\n","protected":false},"excerpt":{"rendered":"<p>El cruce entre investigaci\u00f3n acad\u00e9mica y la producci\u00f3n audiovisual est\u00e1 generando debates dentro de la academia donde se discute su relevancia como metodolog\u00eda y como producto (output) de investigaci\u00f3n. En ingl\u00e9s, esta pr\u00e1ctica suele llamarse research-led filmmaking: un t\u00e9rmino dif\u00edcil de traducir al espa\u00f1ol, pero que se refiere a la producci\u00f3n audiovisual impulsado por la [&hellip;]<\/p>\n","protected":false},"author":269,"featured_media":785,"comment_status":"open","ping_status":"closed","sticky":false,"template":"","format":"standard","meta":{"footnotes":""},"categories":[48],"tags":[23,55,16,56,54,24,53],"class_list":["post-784","post","type-post","status-publish","format-standard","has-post-thumbnail","hentry","category-metodologia","tag-despues-de-trujillo","tag-documental","tag-investigacion","tag-jorge-dominguez-dubuc","tag-lasa","tag-lisa-blackmore","tag-research-led-film"],"_links":{"self":[{"href":"https:\/\/dlf.uzh.ch\/sites\/despues-de-trujillo\/wp-json\/wp\/v2\/posts\/784","targetHints":{"allow":["GET"]}}],"collection":[{"href":"https:\/\/dlf.uzh.ch\/sites\/despues-de-trujillo\/wp-json\/wp\/v2\/posts"}],"about":[{"href":"https:\/\/dlf.uzh.ch\/sites\/despues-de-trujillo\/wp-json\/wp\/v2\/types\/post"}],"author":[{"embeddable":true,"href":"https:\/\/dlf.uzh.ch\/sites\/despues-de-trujillo\/wp-json\/wp\/v2\/users\/269"}],"replies":[{"embeddable":true,"href":"https:\/\/dlf.uzh.ch\/sites\/despues-de-trujillo\/wp-json\/wp\/v2\/comments?post=784"}],"version-history":[{"count":1,"href":"https:\/\/dlf.uzh.ch\/sites\/despues-de-trujillo\/wp-json\/wp\/v2\/posts\/784\/revisions"}],"predecessor-version":[{"id":786,"href":"https:\/\/dlf.uzh.ch\/sites\/despues-de-trujillo\/wp-json\/wp\/v2\/posts\/784\/revisions\/786"}],"wp:featuredmedia":[{"embeddable":true,"href":"https:\/\/dlf.uzh.ch\/sites\/despues-de-trujillo\/wp-json\/wp\/v2\/media\/785"}],"wp:attachment":[{"href":"https:\/\/dlf.uzh.ch\/sites\/despues-de-trujillo\/wp-json\/wp\/v2\/media?parent=784"}],"wp:term":[{"taxonomy":"category","embeddable":true,"href":"https:\/\/dlf.uzh.ch\/sites\/despues-de-trujillo\/wp-json\/wp\/v2\/categories?post=784"},{"taxonomy":"post_tag","embeddable":true,"href":"https:\/\/dlf.uzh.ch\/sites\/despues-de-trujillo\/wp-json\/wp\/v2\/tags?post=784"}],"curies":[{"name":"wp","href":"https:\/\/api.w.org\/{rel}","templated":true}]}}