{"id":1021,"date":"2017-04-08T11:31:33","date_gmt":"2017-04-08T09:31:33","guid":{"rendered":"http:\/\/www.phil.uzh.ch\/elearning\/blog\/despues-de-trujillo\/?p=1021"},"modified":"2017-04-08T11:38:25","modified_gmt":"2017-04-08T09:38:25","slug":"ponencia-miguel-d-mena-sobre-ciudad-trujillo","status":"publish","type":"post","link":"https:\/\/dlf.uzh.ch\/sites\/despues-de-trujillo\/2017\/04\/ponencia-miguel-d-mena-sobre-ciudad-trujillo\/","title":{"rendered":"Ponencia: Miguel D. Mena sobre &#8220;Ciudad Trujillo&#8221;"},"content":{"rendered":"<p>En el marco de la proyecci\u00f3n que realizamos el pasado 1 de abril en el Kino Toni del ZhDK en Z\u00farich, tuvimos una ponencia del investigador dominicano <strong>Miguel D. Mena<\/strong>, quien convers\u00f3, entre otras cosas, sobre otra semi-ruina moderna de Santo Domingo: <a href=\"http:\/\/www.atlasobscura.com\/places\/faro-a-colon-columbus-lighthouse\" target=\"_blank\">El Faro a Col\u00f3n<\/a>. Desde hace varios d\u00e9cadas, Miguel lleva <a href=\"http:\/\/www.cielonaranja.com\" target=\"_blank\">Cielo Naranja<\/a>, una editorial y portal digital que publica textos sobre lo urbano, la memoria, y tambi\u00e9n sobre literatura. Es una referencia clave para quienes est\u00e1n interesados en esos temas y para acceder a textos de pensadores dominicanos y dominicanistas.<\/p>\n\n<!-- iframe plugin v.6.0 wordpress.org\/plugins\/iframe\/ -->\n<iframe loading=\"lazy\" src=\"https:\/\/tube.switch.ch\/embed\/f84a3fe7\" width=\"852\" height=\"480\" frameborder=\"0\" allowfullscreen=\"allowfullscreen\" scrolling=\"yes\" class=\"iframe-class\"><\/iframe>\n\n","protected":false},"excerpt":{"rendered":"<p>En el marco de la proyecci\u00f3n que realizamos el pasado 1 de abril en el Kino Toni del ZhDK en Z\u00farich, tuvimos una ponencia del investigador dominicano Miguel D. Mena, quien convers\u00f3, entre otras cosas, sobre otra semi-ruina moderna de Santo Domingo: El Faro a Col\u00f3n. Desde hace varios d\u00e9cadas, Miguel lleva Cielo Naranja, una [&hellip;]<\/p>\n","protected":false},"author":269,"featured_media":1022,"comment_status":"open","ping_status":"closed","sticky":false,"template":"","format":"standard","meta":{"footnotes":""},"categories":[66],"tags":[69,23,31,55,94,106,56,103,24,19,102,30,105,104],"class_list":["post-1021","post","type-post","status-publish","format-standard","has-post-thumbnail","hentry","category-cine-foros-audio","tag-after-trujillo","tag-despues-de-trujillo","tag-dictadura","tag-documental","tag-espacio","tag-faro-colon","tag-jorge-dominguez-dubuc","tag-kino-toni","tag-lisa-blackmore","tag-memoria","tag-miguel-d-mena","tag-rafael-trujillo","tag-university-of-zurich","tag-zhdk"],"_links":{"self":[{"href":"https:\/\/dlf.uzh.ch\/sites\/despues-de-trujillo\/wp-json\/wp\/v2\/posts\/1021","targetHints":{"allow":["GET"]}}],"collection":[{"href":"https:\/\/dlf.uzh.ch\/sites\/despues-de-trujillo\/wp-json\/wp\/v2\/posts"}],"about":[{"href":"https:\/\/dlf.uzh.ch\/sites\/despues-de-trujillo\/wp-json\/wp\/v2\/types\/post"}],"author":[{"embeddable":true,"href":"https:\/\/dlf.uzh.ch\/sites\/despues-de-trujillo\/wp-json\/wp\/v2\/users\/269"}],"replies":[{"embeddable":true,"href":"https:\/\/dlf.uzh.ch\/sites\/despues-de-trujillo\/wp-json\/wp\/v2\/comments?post=1021"}],"version-history":[{"count":3,"href":"https:\/\/dlf.uzh.ch\/sites\/despues-de-trujillo\/wp-json\/wp\/v2\/posts\/1021\/revisions"}],"predecessor-version":[{"id":1026,"href":"https:\/\/dlf.uzh.ch\/sites\/despues-de-trujillo\/wp-json\/wp\/v2\/posts\/1021\/revisions\/1026"}],"wp:featuredmedia":[{"embeddable":true,"href":"https:\/\/dlf.uzh.ch\/sites\/despues-de-trujillo\/wp-json\/wp\/v2\/media\/1022"}],"wp:attachment":[{"href":"https:\/\/dlf.uzh.ch\/sites\/despues-de-trujillo\/wp-json\/wp\/v2\/media?parent=1021"}],"wp:term":[{"taxonomy":"category","embeddable":true,"href":"https:\/\/dlf.uzh.ch\/sites\/despues-de-trujillo\/wp-json\/wp\/v2\/categories?post=1021"},{"taxonomy":"post_tag","embeddable":true,"href":"https:\/\/dlf.uzh.ch\/sites\/despues-de-trujillo\/wp-json\/wp\/v2\/tags?post=1021"}],"curies":[{"name":"wp","href":"https:\/\/api.w.org\/{rel}","templated":true}]}}