{"id":1009,"date":"2017-04-05T12:14:31","date_gmt":"2017-04-05T10:14:31","guid":{"rendered":"http:\/\/www.phil.uzh.ch\/elearning\/blog\/despues-de-trujillo\/?p=1009"},"modified":"2017-04-05T12:14:31","modified_gmt":"2017-04-05T10:14:31","slug":"resena-de-la-proyeccion-en-el-centro-leon","status":"publish","type":"post","link":"https:\/\/dlf.uzh.ch\/sites\/despues-de-trujillo\/2017\/04\/resena-de-la-proyeccion-en-el-centro-leon\/","title":{"rendered":"Rese\u00f1a de la proyecci\u00f3n en el Centro Le\u00f3n"},"content":{"rendered":"<p>Para leer m\u00e1s, pincha la imagen abajo.<br \/>\n<a href=\"https:\/\/centroleon.org.do\/CL\/noticias-cl\/3689-proyectan-documental-despues-de-trujillo-en-el-auditorio-del-centro-leon\" target=\"_blank\"><img loading=\"lazy\" decoding=\"async\" class=\"alignnone size-full wp-image-1010\" src=\"http:\/\/www.phil.uzh.ch\/elearning\/blog\/despues-de-trujillo\/files\/2017\/04\/CL.jpg\" alt=\"\" width=\"1158\" height=\"1384\" \/><\/a><\/p>\n","protected":false},"excerpt":{"rendered":"<p>Para leer m\u00e1s, pincha la imagen abajo.<\/p>\n","protected":false},"author":269,"featured_media":1010,"comment_status":"open","ping_status":"closed","sticky":false,"template":"","format":"standard","meta":{"footnotes":""},"categories":[57],"tags":[78,23,31,94,56,24,19,79,30,18],"class_list":["post-1009","post","type-post","status-publish","format-standard","has-post-thumbnail","hentry","category-prensa","tag-centro-leon","tag-despues-de-trujillo","tag-dictadura","tag-espacio","tag-jorge-dominguez-dubuc","tag-lisa-blackmore","tag-memoria","tag-rafael-emilio-yunen","tag-rafael-trujillo","tag-republica-dominicana"],"_links":{"self":[{"href":"https:\/\/dlf.uzh.ch\/sites\/despues-de-trujillo\/wp-json\/wp\/v2\/posts\/1009","targetHints":{"allow":["GET"]}}],"collection":[{"href":"https:\/\/dlf.uzh.ch\/sites\/despues-de-trujillo\/wp-json\/wp\/v2\/posts"}],"about":[{"href":"https:\/\/dlf.uzh.ch\/sites\/despues-de-trujillo\/wp-json\/wp\/v2\/types\/post"}],"author":[{"embeddable":true,"href":"https:\/\/dlf.uzh.ch\/sites\/despues-de-trujillo\/wp-json\/wp\/v2\/users\/269"}],"replies":[{"embeddable":true,"href":"https:\/\/dlf.uzh.ch\/sites\/despues-de-trujillo\/wp-json\/wp\/v2\/comments?post=1009"}],"version-history":[{"count":1,"href":"https:\/\/dlf.uzh.ch\/sites\/despues-de-trujillo\/wp-json\/wp\/v2\/posts\/1009\/revisions"}],"predecessor-version":[{"id":1011,"href":"https:\/\/dlf.uzh.ch\/sites\/despues-de-trujillo\/wp-json\/wp\/v2\/posts\/1009\/revisions\/1011"}],"wp:featuredmedia":[{"embeddable":true,"href":"https:\/\/dlf.uzh.ch\/sites\/despues-de-trujillo\/wp-json\/wp\/v2\/media\/1010"}],"wp:attachment":[{"href":"https:\/\/dlf.uzh.ch\/sites\/despues-de-trujillo\/wp-json\/wp\/v2\/media?parent=1009"}],"wp:term":[{"taxonomy":"category","embeddable":true,"href":"https:\/\/dlf.uzh.ch\/sites\/despues-de-trujillo\/wp-json\/wp\/v2\/categories?post=1009"},{"taxonomy":"post_tag","embeddable":true,"href":"https:\/\/dlf.uzh.ch\/sites\/despues-de-trujillo\/wp-json\/wp\/v2\/tags?post=1009"}],"curies":[{"name":"wp","href":"https:\/\/api.w.org\/{rel}","templated":true}]}}