{"id":1859,"date":"2026-08-30T10:52:13","date_gmt":"2026-08-30T10:52:13","guid":{"rendered":"https:\/\/dlf.uzh.ch\/sites\/cultcomm\/?p=1859"},"modified":"2026-08-30T10:52:13","modified_gmt":"2026-08-30T10:52:13","slug":"episode-22-lecture-inflorescence-raluca-antonescu","status":"publish","type":"post","link":"https:\/\/dlf.uzh.ch\/sites\/cultcomm\/2026\/08\/30\/episode-22-lecture-inflorescence-raluca-antonescu\/","title":{"rendered":"\u00c9pisode 22 : Lecture &#8211; Inflorescence, Raluca Antonescu"},"content":{"rendered":"\n<iframe loading=\"lazy\" id=\"kmsembed-0_e3sa1pwy\" width=\"100%\" height=\"100%\" src=\"https:\/\/uzh.mediaspace.cast.switch.ch\/embed\/secure\/iframe\/entryId\/0_e3sa1pwy\/uiConfId\/23449175\" class=\"kmsembed\" allowfullscreen webkitallowfullscreen mozAllowFullScreen allow=\"autoplay *; fullscreen *; encrypted-media *\" referrerPolicy=\"no-referrer-when-downgrade\" sandbox=\"allow-downloads allow-forms allow-same-origin allow-scripts allow-top-navigation allow-pointer-lock allow-popups allow-modals allow-orientation-lock allow-popups-to-escape-sandbox allow-presentation allow-top-navigation-by-user-activation\" frameborder=\"0\" title=\"\u00c9pisode 22: Lecture - Inflorescence, Raluca Antonescu\"><\/iframe>\n\n\n\n<p>Dans cet \u00e9pisode, je vous pr\u00e9sente le roman <em>Inflorescence<\/em> de Raluca Antonescu (2021, \u00c9ditions de la Baconni\u00e8re). Ce roman m&rsquo;a beaucoup touch\u00e9e par les sujets qu&rsquo;il \u00e9voque : crise climato-\u00e9cologique, liens de parent\u00e9, et devenir une femme dans notre soci\u00e9t\u00e9 patriarcale. En juxtaposant diff\u00e9rentes \u00e9poques, cultures et personnalit\u00e9s, ce roman relie les vies de quatre femmes qui luttent pour leur libert\u00e9. Dans ce roman, vivre en tant que femme est intimement li\u00e9 \u00e0 prendre conscience de ses relations aux autres et au monde vivant.<\/p>\n\n\n\n<p><strong>R\u00e9f\u00e9rence du roman:<\/strong><\/p>\n\n\n\n<p>Raluca Antonescu, <em>Inflorescence<\/em>, La Baconni\u00e8re, Gen\u00e8ve, 2021.<\/p>\n\n\n\n<p><\/p>\n","protected":false},"excerpt":{"rendered":"<p>Dans cet \u00e9pisode, je vous pr\u00e9sente le roman Inflorescence de Raluca Antonescu (2021, \u00c9ditions de la Baconni\u00e8re). Ce roman m&rsquo;a beaucoup touch\u00e9e par les sujets qu&rsquo;il \u00e9voque : crise climato-\u00e9cologique, liens de parent\u00e9, et devenir une femme dans notre soci\u00e9t\u00e9 patriarcale. En juxtaposant diff\u00e9rentes \u00e9poques, cultures et personnalit\u00e9s, ce roman<span class=\"more-link\"><a href=\"https:\/\/dlf.uzh.ch\/sites\/cultcomm\/2026\/08\/30\/episode-22-lecture-inflorescence-raluca-antonescu\/\">Lire plus<\/a><\/span><\/p>\n","protected":false},"author":803,"featured_media":1860,"comment_status":"open","ping_status":"open","sticky":false,"template":"","format":"standard","meta":{"_acf_changed":false,"footnotes":""},"categories":[35],"tags":[23,15],"class_list":["entry","author-arianedetesta","post-1859","post","type-post","status-publish","format-standard","has-post-thumbnail","category-podcast","tag-litterature","tag-podcast"],"acf":[],"_links":{"self":[{"href":"https:\/\/dlf.uzh.ch\/sites\/cultcomm\/wp-json\/wp\/v2\/posts\/1859","targetHints":{"allow":["GET"]}}],"collection":[{"href":"https:\/\/dlf.uzh.ch\/sites\/cultcomm\/wp-json\/wp\/v2\/posts"}],"about":[{"href":"https:\/\/dlf.uzh.ch\/sites\/cultcomm\/wp-json\/wp\/v2\/types\/post"}],"author":[{"embeddable":true,"href":"https:\/\/dlf.uzh.ch\/sites\/cultcomm\/wp-json\/wp\/v2\/users\/803"}],"replies":[{"embeddable":true,"href":"https:\/\/dlf.uzh.ch\/sites\/cultcomm\/wp-json\/wp\/v2\/comments?post=1859"}],"version-history":[{"count":1,"href":"https:\/\/dlf.uzh.ch\/sites\/cultcomm\/wp-json\/wp\/v2\/posts\/1859\/revisions"}],"predecessor-version":[{"id":1861,"href":"https:\/\/dlf.uzh.ch\/sites\/cultcomm\/wp-json\/wp\/v2\/posts\/1859\/revisions\/1861"}],"wp:featuredmedia":[{"embeddable":true,"href":"https:\/\/dlf.uzh.ch\/sites\/cultcomm\/wp-json\/wp\/v2\/media\/1860"}],"wp:attachment":[{"href":"https:\/\/dlf.uzh.ch\/sites\/cultcomm\/wp-json\/wp\/v2\/media?parent=1859"}],"wp:term":[{"taxonomy":"category","embeddable":true,"href":"https:\/\/dlf.uzh.ch\/sites\/cultcomm\/wp-json\/wp\/v2\/categories?post=1859"},{"taxonomy":"post_tag","embeddable":true,"href":"https:\/\/dlf.uzh.ch\/sites\/cultcomm\/wp-json\/wp\/v2\/tags?post=1859"}],"curies":[{"name":"wp","href":"https:\/\/api.w.org\/{rel}","templated":true}]}}