{"id":1687,"date":"2025-12-18T12:01:57","date_gmt":"2025-12-18T12:01:57","guid":{"rendered":"https:\/\/dlf.uzh.ch\/sites\/cultcomm\/?p=1687"},"modified":"2025-12-18T16:27:34","modified_gmt":"2025-12-18T16:27:34","slug":"la-memoire-emergente-dire-lindicible","status":"publish","type":"post","link":"https:\/\/dlf.uzh.ch\/sites\/cultcomm\/2025\/12\/18\/la-memoire-emergente-dire-lindicible\/","title":{"rendered":"La m\u00e9moire \u00e9mergente &#8211; dire l&rsquo;indicible"},"content":{"rendered":"\n<p class=\"has-large-font-size\"><strong>Colloque international \u00ab\u00a0La m\u00e9moire \u00e9mergente &#8211; dire l&rsquo;indicible<\/strong>\u00a0<strong>\u00bb<\/strong><\/p>\n\n\n\n<p>Les 17 et 18 novembre 2025, l&rsquo;Universit\u00e9 de Zurich a accueilli le colloque \u00ab\u00a0La M\u00e9moire \u00e9mergente \u2013 dire l&rsquo;indicible\u00a0\u00bb, organis\u00e9 dans le cadre du projet de recherche financ\u00e9 par le FNS et la DFG. Des chercheur\u00b7e\u00b7s issu\u00b7e\u00b7s des \u00e9tudes litt\u00e9raires, de la linguistique, de l&rsquo;histoire orale et de la psychologie se sont r\u00e9uni\u00b7e\u00b7s pour discuter ensemble de la mani\u00e8re dont des exp\u00e9riences de violence traumatique \u2013 telles que la guerre, la d\u00e9portation, l&rsquo;esclavage, le travail forc\u00e9 ou les camps de concentration \u2013 peuvent, malgr\u00e9 leur caract\u00e8re-limite, \u00eatre rendues saisissables par le langage. L&rsquo;attention s&rsquo;est port\u00e9e sur des strat\u00e9gies discursives, narratives et multimodales qui interrogent l&rsquo;indicible et en franchissent partiellement les fronti\u00e8res.<\/p>\n\n\n\n<p>Voici les conf\u00e9rences enregistr\u00e9es :<\/p>\n\n\n\n<p><strong>Thomas Klinkert <\/strong>(Z\u00fcrich)&nbsp;\u2013 Literarisches Erz\u00e4hlen an der Schnittstelle von Sagen und Nicht-Sagen<\/p>\n\n\n\n<iframe loading=\"lazy\" id=\"kmsembed-0_5ku04z4f\" width=\"826\" height=\"465\" src=\"https:\/\/uzh.mediaspace.cast.switch.ch\/embed\/secure\/iframe\/entryId\/0_5ku04z4f\/uiConfId\/23449004\/st\/0\"\u00a0class=\"kmsembed\" allowfullscreen webkitallowfullscreen mozAllowFullScreen allow=\"autoplay *; fullscreen *; encrypted-media *\" referrerPolicy=\"no-referrer-when-downgrade\" sandbox=\"allow-downloads allow-forms allow-same-origin allow-scripts allow-top-navigation allow-pointer-lock allow-popups allow-modals allow-orientation-lock allow-popups-to-escape-sandbox allow-presentation allow-top-navigation-by-user-activation\" frameborder=\"0\" title=\"Thomas Klinkert 17.11_Tagung Emergentes Erinnern II\"><\/iframe>\n\n\n\n<p>&#8211;<\/p>\n\n\n\n<p><\/p>\n\n\n\n<p><\/p>\n\n\n\n<p><strong>Stefan Pf\u00e4nder<\/strong> (Freiburg) \u2013 M\u00fcndliches Erz\u00e4hlen an der Schnittstelle von Sagen und Nicht-Sagen<\/p>\n\n\n\n<iframe loading=\"lazy\" id=\"kmsembed-0_hss8yt2w\" width=\"826\" height=\"465\" src=\"https:\/\/uzh.mediaspace.cast.switch.ch\/embed\/secure\/iframe\/entryId\/0_hss8yt2w\/uiConfId\/23449004\/st\/0\"\u00a0class=\"kmsembed\" allowfullscreen webkitallowfullscreen mozAllowFullScreen allow=\"autoplay *; fullscreen *; encrypted-media *\" referrerPolicy=\"no-referrer-when-downgrade\" sandbox=\"allow-downloads allow-forms allow-same-origin allow-scripts allow-top-navigation allow-pointer-lock allow-popups allow-modals allow-orientation-lock allow-popups-to-escape-sandbox allow-presentation allow-top-navigation-by-user-activation\" frameborder=\"0\" title=\"Stefan Pf\u00e4nder\"><\/iframe>\n\n\n\n<p>&#8211; <\/p>\n\n\n\n<p><\/p>\n\n\n\n<p><\/p>\n\n\n\n<p><strong>Almut Leh <\/strong>(Hagen),<strong> Cord Pagenstecher<\/strong> (Berlin) \u2013 Oral History digital. Bew\u00e4hrte Traditionen und aktuelle Entwicklungen<\/p>\n\n\n\n<iframe loading=\"lazy\" id=\"kmsembed-0_nrm8clhe\" width=\"826\" height=\"465\" src=\"https:\/\/uzh.mediaspace.cast.switch.ch\/embed\/secure\/iframe\/entryId\/0_nrm8clhe\/uiConfId\/23449004\/st\/0\"\u00a0class=\"kmsembed\" allowfullscreen webkitallowfullscreen mozAllowFullScreen allow=\"autoplay *; fullscreen *; encrypted-media *\" referrerPolicy=\"no-referrer-when-downgrade\" sandbox=\"allow-downloads allow-forms allow-same-origin allow-scripts allow-top-navigation allow-pointer-lock allow-popups allow-modals allow-orientation-lock allow-popups-to-escape-sandbox allow-presentation allow-top-navigation-by-user-activation\" frameborder=\"0\" title=\"Almut Leh Cord Pagenstecher 17.11_Tagung Emergentes Erinnern II\"><\/iframe>\n\n\n\n<p>&#8211;<\/p>\n\n\n\n<p><\/p>\n\n\n\n<p><\/p>\n\n\n\n<p><strong>Marie Klatt<\/strong> (Freiburg) \u2013 Erinnerungsmarkierungen in deutschen und franz\u00f6sischen Zeitzeug:innen-Interviews<\/p>\n\n\n\n<iframe loading=\"lazy\" id=\"kmsembed-0_c4q82k5a\" width=\"826\" height=\"465\" src=\"https:\/\/uzh.mediaspace.cast.switch.ch\/embed\/secure\/iframe\/entryId\/0_c4q82k5a\/uiConfId\/23449004\/st\/0\"\u00a0class=\"kmsembed\" allowfullscreen webkitallowfullscreen mozAllowFullScreen allow=\"autoplay *; fullscreen *; encrypted-media *\" referrerPolicy=\"no-referrer-when-downgrade\" sandbox=\"allow-downloads allow-forms allow-same-origin allow-scripts allow-top-navigation allow-pointer-lock allow-popups allow-modals allow-orientation-lock allow-popups-to-escape-sandbox allow-presentation allow-top-navigation-by-user-activation\" frameborder=\"0\" title=\"Marie Klatt 17.11_Tagung Emergentes Erinnern II\"><\/iframe>\n\n\n\n<p>&#8211;<\/p>\n\n\n\n<p><\/p>\n\n\n\n<p><\/p>\n\n\n\n<p><strong>Andreas Maercker <\/strong>(Z\u00fcrich) \u2013 Neues zu Traumatheorien der Psychiatrie und Psychologie<\/p>\n\n\n\n<iframe loading=\"lazy\" id=\"kmsembed-0_o7rnzfad\" width=\"826\" height=\"465\" src=\"https:\/\/uzh.mediaspace.cast.switch.ch\/embed\/secure\/iframe\/entryId\/0_o7rnzfad\/uiConfId\/23449004\/st\/0\"\u00a0class=\"kmsembed\" allowfullscreen webkitallowfullscreen mozAllowFullScreen allow=\"autoplay *; fullscreen *; encrypted-media *\" referrerPolicy=\"no-referrer-when-downgrade\" sandbox=\"allow-downloads allow-forms allow-same-origin allow-scripts allow-top-navigation allow-pointer-lock allow-popups allow-modals allow-orientation-lock allow-popups-to-escape-sandbox allow-presentation allow-top-navigation-by-user-activation\" frameborder=\"0\" title=\"Andreas Maercker 17.11.25_Tagung Emergentes Erinnern II\"><\/iframe>\n\n\n\n<p>&#8211;<\/p>\n\n\n\n<p><\/p>\n\n\n\n<p><\/p>\n\n\n\n<p><strong>Anja Stukenbrock<\/strong> (Heidelberg), <strong>Carl E. Scheidt <\/strong>(Freiburg) \u2013 \u00dcberlegungen zu Trauma-Narrativen in transdisziplin\u00e4rer Sicht<\/p>\n\n\n\n<iframe loading=\"lazy\" id=\"kmsembed-0_hsujvws4\" width=\"826\" height=\"465\" src=\"https:\/\/uzh.mediaspace.cast.switch.ch\/embed\/secure\/iframe\/entryId\/0_hsujvws4\/uiConfId\/23449004\/st\/0\"\u00a0class=\"kmsembed\" allowfullscreen webkitallowfullscreen mozAllowFullScreen allow=\"autoplay *; fullscreen *; encrypted-media *\" referrerPolicy=\"no-referrer-when-downgrade\" sandbox=\"allow-downloads allow-forms allow-same-origin allow-scripts allow-top-navigation allow-pointer-lock allow-popups allow-modals allow-orientation-lock allow-popups-to-escape-sandbox allow-presentation allow-top-navigation-by-user-activation\" frameborder=\"0\" title=\"Ausgeschnitten _ Anja Stukenbrock, CE Scheidt 17.11_Tagung Emergentes Erinnern II\"><\/iframe>\n\n\n\n<p>&#8211;<\/p>\n\n\n\n<p><\/p>\n\n\n\n<p><\/p>\n\n\n\n<p><strong>Sophie Hochuli<\/strong>&nbsp;(Z\u00fcrich\/Paris) \u2013 Dire en fragments : m\u00e9moire et t\u00e9moignage chez Micheline Maurel, Charlotte Delbo et Marguerite Duras<\/p>\n\n\n\n<iframe loading=\"lazy\" id=\"kmsembed-0_exd5sqi9\" width=\"826\" height=\"465\" src=\"https:\/\/uzh.mediaspace.cast.switch.ch\/embed\/secure\/iframe\/entryId\/0_exd5sqi9\/uiConfId\/23449004\/st\/0\"\u00a0class=\"kmsembed\" allowfullscreen webkitallowfullscreen mozAllowFullScreen allow=\"autoplay *; fullscreen *; encrypted-media *\" referrerPolicy=\"no-referrer-when-downgrade\" sandbox=\"allow-downloads allow-forms allow-same-origin allow-scripts allow-top-navigation allow-pointer-lock allow-popups allow-modals allow-orientation-lock allow-popups-to-escape-sandbox allow-presentation allow-top-navigation-by-user-activation\" frameborder=\"0\" title=\"Sophie Hochuli_17.11 Teil 2 _Tagung Emergentes Erinnern II\"><\/iframe>\n\n\n\n<p>&#8211;<\/p>\n\n\n\n<p><\/p>\n\n\n\n<p><\/p>\n\n\n\n<p><strong>Daniel Mandel <\/strong>(Freiburg)&nbsp;\u2013 Transitionsr\u00e4ume in Oral-History-Interviews<\/p>\n\n\n\n<iframe loading=\"lazy\" id=\"kmsembed-0_mkgr3stf\" width=\"826\" height=\"465\" src=\"https:\/\/uzh.mediaspace.cast.switch.ch\/embed\/secure\/iframe\/entryId\/0_mkgr3stf\/uiConfId\/23449004\/st\/0\"\u00a0class=\"kmsembed\" allowfullscreen webkitallowfullscreen mozAllowFullScreen allow=\"autoplay *; fullscreen *; encrypted-media *\" referrerPolicy=\"no-referrer-when-downgrade\" sandbox=\"allow-downloads allow-forms allow-same-origin allow-scripts allow-top-navigation allow-pointer-lock allow-popups allow-modals allow-orientation-lock allow-popups-to-escape-sandbox allow-presentation allow-top-navigation-by-user-activation\" frameborder=\"0\" title=\"Daniel Mandel_17.11 Tagung Emergentes Erinnern II\"><\/iframe>\n\n\n\n<p>&#8211;<\/p>\n\n\n\n<p><\/p>\n\n\n\n<p><\/p>\n\n\n\n<p><strong>Aur\u00e9lie Barjonet <\/strong>(Lille) \u2013 La 3e g\u00e9n\u00e9ration face \u00e0 l&rsquo;indicible : le cas de Daniel Mendelsohn dans <em>Les Disparus<\/em> (2006)<\/p>\n\n\n\n<iframe loading=\"lazy\" id=\"kmsembed-0_amqn1bc2\" width=\"826\" height=\"465\" src=\"https:\/\/uzh.mediaspace.cast.switch.ch\/embed\/secure\/iframe\/entryId\/0_amqn1bc2\/uiConfId\/23449004\/st\/0\" class=\"kmsembed\" allowfullscreen webkitallowfullscreen mozAllowFullScreen allow=\"autoplay *; fullscreen *; encrypted-media *\" referrerPolicy=\"no-referrer-when-downgrade\" sandbox=\"allow-downloads allow-forms allow-same-origin allow-scripts allow-top-navigation allow-pointer-lock allow-popups allow-modals allow-orientation-lock allow-popups-to-escape-sandbox allow-presentation allow-top-navigation-by-user-activation\" frameborder=\"0\" title=\"Aur\u00e9lie Barjonet 18.11 Tagung Emergentes Erinnern II\"><\/iframe>\n\n\n\n<p>&#8211;<\/p>\n\n\n\n<p><\/p>\n\n\n\n<p><\/p>\n\n\n\n<p><strong>B\u00e9n\u00e9dicte \u00c9lie <\/strong>(Z\u00fcrich\/Mulhouse) \u2013 L&rsquo;Indicible en \u00ab\u00a0h\u00e9ritage\u00a0\u00bb<\/p>\n\n\n\n<iframe loading=\"lazy\" id=\"kmsembed-0_zovxxnue\" width=\"826\" height=\"465\" src=\"https:\/\/uzh.mediaspace.cast.switch.ch\/embed\/secure\/iframe\/entryId\/0_zovxxnue\/uiConfId\/23449004\/st\/0\" class=\"kmsembed\" allowfullscreen webkitallowfullscreen mozAllowFullScreen allow=\"autoplay *; fullscreen *; encrypted-media *\" referrerPolicy=\"no-referrer-when-downgrade\" sandbox=\"allow-downloads allow-forms allow-same-origin allow-scripts allow-top-navigation allow-pointer-lock allow-popups allow-modals allow-orientation-lock allow-popups-to-escape-sandbox allow-presentation allow-top-navigation-by-user-activation\" frameborder=\"0\" title=\"B\u00e9n\u00e9dicte \u00c9lie 18.11 Tagung Emergentes Erinnern II\"><\/iframe>\n\n\n\n<p>&#8211;<\/p>\n\n\n\n<p><\/p>\n\n\n\n<p><\/p>\n\n\n\n<p><strong>Ursula B\u00e4hler <\/strong>(Z\u00fcrich) \u2013 Dire la cale du bateau de traite<\/p>\n\n\n\n<iframe loading=\"lazy\" id=\"kmsembed-0_582meani\" width=\"826\" height=\"465\" src=\"https:\/\/uzh.mediaspace.cast.switch.ch\/embed\/secure\/iframe\/entryId\/0_582meani\/uiConfId\/23449004\/st\/0\" class=\"kmsembed\" allowfullscreen webkitallowfullscreen mozAllowFullScreen allow=\"autoplay *; fullscreen *; encrypted-media *\" referrerPolicy=\"no-referrer-when-downgrade\" sandbox=\"allow-downloads allow-forms allow-same-origin allow-scripts allow-top-navigation allow-pointer-lock allow-popups allow-modals allow-orientation-lock allow-popups-to-escape-sandbox allow-presentation allow-top-navigation-by-user-activation\" frameborder=\"0\" title=\"Ursula B\u00e4hler 18.11 Tagung Emergentes Erinnern II\"><\/iframe>\n\n\n\n<p>&#8211;<\/p>\n\n\n\n<p><\/p>\n\n\n\n<p><\/p>\n\n\n\n<p><strong>Peter Kuon <\/strong>(Salzburg) \u2013 Unsagbarkeit und Sagbarkeit in Zeugnisse franz\u00f6sischer \u00dcberlebender des Konzentrationslagers Ravensbr\u00fcck<\/p>\n\n\n\n<iframe loading=\"lazy\" id=\"kmsembed-0_rtx02z59\" width=\"826\" height=\"465\" src=\"https:\/\/uzh.mediaspace.cast.switch.ch\/embed\/secure\/iframe\/entryId\/0_rtx02z59\/uiConfId\/23449004\/st\/0\" class=\"kmsembed\" allowfullscreen webkitallowfullscreen mozAllowFullScreen allow=\"autoplay *; fullscreen *; encrypted-media *\" referrerPolicy=\"no-referrer-when-downgrade\" sandbox=\"allow-downloads allow-forms allow-same-origin allow-scripts allow-top-navigation allow-pointer-lock allow-popups allow-modals allow-orientation-lock allow-popups-to-escape-sandbox allow-presentation allow-top-navigation-by-user-activation\" frameborder=\"0\" title=\"Peter Kuon 18.11 Tagung Emergentes Erinnern II\"><\/iframe>\n\n\n\n<p>&#8211;<\/p>\n\n\n\n<p><\/p>\n\n\n\n<p><\/p>\n\n\n\n<p><strong>Simon Kieffer <\/strong>(K\u00f6ln), <strong>Philipp Nierle <\/strong>(Paris) \u2013 Raumkognition, Gesten und Emotion. Egozentrische und allozentrische Gesten beim Berichten \u00ab\u00a0sch\u00f6ner\u00a0\u00bb und \u00ab\u00a0schrecklicher\u00a0\u00bb autobiographischer Erfahrungen<\/p>\n\n\n\n<iframe loading=\"lazy\" id=\"kmsembed-0_j7jeqpqi\" width=\"826\" height=\"465\" src=\"https:\/\/uzh.mediaspace.cast.switch.ch\/embed\/secure\/iframe\/entryId\/0_j7jeqpqi\/uiConfId\/23449004\/st\/0\" class=\"kmsembed\" allowfullscreen webkitallowfullscreen mozAllowFullScreen allow=\"autoplay *; fullscreen *; encrypted-media *\" referrerPolicy=\"no-referrer-when-downgrade\" sandbox=\"allow-downloads allow-forms allow-same-origin allow-scripts allow-top-navigation allow-pointer-lock allow-popups allow-modals allow-orientation-lock allow-popups-to-escape-sandbox allow-presentation allow-top-navigation-by-user-activation\" frameborder=\"0\" title=\"Simon Kieffer, Philipp Nierle 18.11 Tagung Emergentes Erinnern II\"><\/iframe>\n\n\n\n<p>&#8211;<\/p>\n\n\n\n<p><\/p>\n\n\n\n<p><\/p>\n\n\n\n<p><strong>Marisa Siguan <\/strong>(Barcelona) \u2013 Multimedialit\u00e4t als Strategie des<em> re-enactment<\/em> beim Erz\u00e4hlen von Erinnerung: Max Aub und Joaquim Ama Piniella<\/p>\n\n\n\n<iframe loading=\"lazy\" id=\"kmsembed-0_84e0goro\" width=\"826\" height=\"465\" src=\"https:\/\/uzh.mediaspace.cast.switch.ch\/embed\/secure\/iframe\/entryId\/0_84e0goro\/uiConfId\/23449004\/st\/0\" class=\"kmsembed\" allowfullscreen webkitallowfullscreen mozAllowFullScreen allow=\"autoplay *; fullscreen *; encrypted-media *\" referrerPolicy=\"no-referrer-when-downgrade\" sandbox=\"allow-downloads allow-forms allow-same-origin allow-scripts allow-top-navigation allow-pointer-lock allow-popups allow-modals allow-orientation-lock allow-popups-to-escape-sandbox allow-presentation allow-top-navigation-by-user-activation\" frameborder=\"0\" title=\"Marisa Siguan 18.11 Tagung Emergentes Erinnern II\"><\/iframe>\n\n\n\n<p>&#8211;<\/p>\n\n\n\n<p><\/p>\n\n\n\n<p><\/p>\n\n\n\n<p><strong>Anna Fersztand <\/strong>(Z\u00fcrich) \u2013 <em>Postmigrant Perspectives<\/em>. Abimisierung oder: ein multimediales Fallbeispiel des <em>Re-Membering<\/em><\/p>\n\n\n\n<iframe loading=\"lazy\" id=\"kmsembed-0_0o672wn1\" width=\"826\" height=\"465\" src=\"https:\/\/uzh.mediaspace.cast.switch.ch\/embed\/secure\/iframe\/entryId\/0_0o672wn1\/uiConfId\/23449004\/st\/0\" class=\"kmsembed\" allowfullscreen webkitallowfullscreen mozAllowFullScreen allow=\"autoplay *; fullscreen *; encrypted-media *\" referrerPolicy=\"no-referrer-when-downgrade\" sandbox=\"allow-downloads allow-forms allow-same-origin allow-scripts allow-top-navigation allow-pointer-lock allow-popups allow-modals allow-orientation-lock allow-popups-to-escape-sandbox allow-presentation allow-top-navigation-by-user-activation\" frameborder=\"0\" title=\"Anna Fersztand 18.11 Tagung Emergentes Erinnern II\"><\/iframe>\n\n\n\n<p><br><\/p>\n","protected":false},"excerpt":{"rendered":"<p>Colloque international \u00ab\u00a0La m\u00e9moire \u00e9mergente &#8211; dire l&rsquo;indicible\u00a0\u00bb Les 17 et 18 novembre 2025, l&rsquo;Universit\u00e9 de Zurich a accueilli le colloque \u00ab\u00a0La M\u00e9moire \u00e9mergente \u2013 dire l&rsquo;indicible\u00a0\u00bb, organis\u00e9 dans le cadre du projet de recherche financ\u00e9 par le FNS et la DFG. Des chercheur\u00b7e\u00b7s issu\u00b7e\u00b7s des \u00e9tudes litt\u00e9raires, de la<span class=\"more-link\"><a href=\"https:\/\/dlf.uzh.ch\/sites\/cultcomm\/2025\/12\/18\/la-memoire-emergente-dire-lindicible\/\">Lire plus<\/a><\/span><\/p>\n","protected":false},"author":803,"featured_media":1709,"comment_status":"open","ping_status":"open","sticky":false,"template":"","format":"standard","meta":{"_acf_changed":false,"footnotes":""},"categories":[10,12],"tags":[51,50,49,27,23,53,48,52],"class_list":["entry","author-arianedetesta","post-1687","post","type-post","status-publish","format-standard","has-post-thumbnail","category-conferences","category-autre","tag-conference","tag-dire","tag-indicible","tag-linguistique","tag-litterature","tag-migration","tag-shoah","tag-trauma"],"acf":[],"_links":{"self":[{"href":"https:\/\/dlf.uzh.ch\/sites\/cultcomm\/wp-json\/wp\/v2\/posts\/1687","targetHints":{"allow":["GET"]}}],"collection":[{"href":"https:\/\/dlf.uzh.ch\/sites\/cultcomm\/wp-json\/wp\/v2\/posts"}],"about":[{"href":"https:\/\/dlf.uzh.ch\/sites\/cultcomm\/wp-json\/wp\/v2\/types\/post"}],"author":[{"embeddable":true,"href":"https:\/\/dlf.uzh.ch\/sites\/cultcomm\/wp-json\/wp\/v2\/users\/803"}],"replies":[{"embeddable":true,"href":"https:\/\/dlf.uzh.ch\/sites\/cultcomm\/wp-json\/wp\/v2\/comments?post=1687"}],"version-history":[{"count":11,"href":"https:\/\/dlf.uzh.ch\/sites\/cultcomm\/wp-json\/wp\/v2\/posts\/1687\/revisions"}],"predecessor-version":[{"id":1844,"href":"https:\/\/dlf.uzh.ch\/sites\/cultcomm\/wp-json\/wp\/v2\/posts\/1687\/revisions\/1844"}],"wp:featuredmedia":[{"embeddable":true,"href":"https:\/\/dlf.uzh.ch\/sites\/cultcomm\/wp-json\/wp\/v2\/media\/1709"}],"wp:attachment":[{"href":"https:\/\/dlf.uzh.ch\/sites\/cultcomm\/wp-json\/wp\/v2\/media?parent=1687"}],"wp:term":[{"taxonomy":"category","embeddable":true,"href":"https:\/\/dlf.uzh.ch\/sites\/cultcomm\/wp-json\/wp\/v2\/categories?post=1687"},{"taxonomy":"post_tag","embeddable":true,"href":"https:\/\/dlf.uzh.ch\/sites\/cultcomm\/wp-json\/wp\/v2\/tags?post=1687"}],"curies":[{"name":"wp","href":"https:\/\/api.w.org\/{rel}","templated":true}]}}