{"id":1681,"date":"2025-12-10T12:24:19","date_gmt":"2025-12-10T12:24:19","guid":{"rendered":"https:\/\/dlf.uzh.ch\/sites\/cultcomm\/?p=1681"},"modified":"2025-12-10T12:24:53","modified_gmt":"2025-12-10T12:24:53","slug":"episode-12-lecture-sylvain-tesson","status":"publish","type":"post","link":"https:\/\/dlf.uzh.ch\/sites\/cultcomm\/2025\/12\/10\/episode-12-lecture-sylvain-tesson\/","title":{"rendered":"\u00c9pisode 12 : Lecture &#8211; Sylvain Tesson"},"content":{"rendered":"\n<iframe loading=\"lazy\" id=\"kmsembed-0_u6tyqf4t\" width=\"826\" height=\"285\" src=\"https:\/\/uzh.mediaspace.cast.switch.ch\/embed\/secure\/iframe\/entryId\/0_u6tyqf4t\/uiConfId\/23449175\/st\/0\" class=\"kmsembed\" allowfullscreen webkitallowfullscreen mozAllowFullScreen allow=\"autoplay *; fullscreen *; encrypted-media *\" referrerPolicy=\"no-referrer-when-downgrade\" sandbox=\"allow-downloads allow-forms allow-same-origin allow-scripts allow-top-navigation allow-pointer-lock allow-popups allow-modals allow-orientation-lock allow-popups-to-escape-sandbox allow-presentation allow-top-navigation-by-user-activation\" frameborder=\"0\" title=\"\u00c9pisode 12 : Lecture - Sylvain Tesson\"><\/iframe>\n\n\n\n<p>Dans cet \u00e9pisode, je vous pr\u00e9sente et recommande deux textes de Sylvain Tesson : <em>Blanc<\/em> et <em>La panth\u00e8re des neiges<\/em>. <\/p>\n\n\n\n<p>R\u00e9f\u00e9rences cit\u00e9es dans cet \u00e9pisode :<\/p>\n\n\n\n<p>Sylvain Tesson, <em>Blanc<\/em>, Gallimard, Paris, 2022.<\/p>\n\n\n\n<p>Sylvain Tesson, <em>La panth\u00e8re des neiges<\/em>, Gallimard, Paris, 2019.<\/p>\n\n\n\n<p><\/p>\n","protected":false},"excerpt":{"rendered":"<p>Dans cet \u00e9pisode, je vous pr\u00e9sente et recommande deux textes de Sylvain Tesson : Blanc et La panth\u00e8re des neiges. R\u00e9f\u00e9rences cit\u00e9es dans cet \u00e9pisode : Sylvain Tesson, Blanc, Gallimard, Paris, 2022. Sylvain Tesson, La panth\u00e8re des neiges, Gallimard, Paris, 2019.<span class=\"more-link\"><a href=\"https:\/\/dlf.uzh.ch\/sites\/cultcomm\/2025\/12\/10\/episode-12-lecture-sylvain-tesson\/\">Lire plus<\/a><\/span><\/p>\n","protected":false},"author":803,"featured_media":1683,"comment_status":"open","ping_status":"open","sticky":false,"template":"","format":"standard","meta":{"_acf_changed":false,"footnotes":""},"categories":[35],"tags":[23,15],"class_list":["entry","author-arianedetesta","post-1681","post","type-post","status-publish","format-standard","has-post-thumbnail","category-podcast","tag-litterature","tag-podcast"],"acf":[],"_links":{"self":[{"href":"https:\/\/dlf.uzh.ch\/sites\/cultcomm\/wp-json\/wp\/v2\/posts\/1681","targetHints":{"allow":["GET"]}}],"collection":[{"href":"https:\/\/dlf.uzh.ch\/sites\/cultcomm\/wp-json\/wp\/v2\/posts"}],"about":[{"href":"https:\/\/dlf.uzh.ch\/sites\/cultcomm\/wp-json\/wp\/v2\/types\/post"}],"author":[{"embeddable":true,"href":"https:\/\/dlf.uzh.ch\/sites\/cultcomm\/wp-json\/wp\/v2\/users\/803"}],"replies":[{"embeddable":true,"href":"https:\/\/dlf.uzh.ch\/sites\/cultcomm\/wp-json\/wp\/v2\/comments?post=1681"}],"version-history":[{"count":2,"href":"https:\/\/dlf.uzh.ch\/sites\/cultcomm\/wp-json\/wp\/v2\/posts\/1681\/revisions"}],"predecessor-version":[{"id":1684,"href":"https:\/\/dlf.uzh.ch\/sites\/cultcomm\/wp-json\/wp\/v2\/posts\/1681\/revisions\/1684"}],"wp:featuredmedia":[{"embeddable":true,"href":"https:\/\/dlf.uzh.ch\/sites\/cultcomm\/wp-json\/wp\/v2\/media\/1683"}],"wp:attachment":[{"href":"https:\/\/dlf.uzh.ch\/sites\/cultcomm\/wp-json\/wp\/v2\/media?parent=1681"}],"wp:term":[{"taxonomy":"category","embeddable":true,"href":"https:\/\/dlf.uzh.ch\/sites\/cultcomm\/wp-json\/wp\/v2\/categories?post=1681"},{"taxonomy":"post_tag","embeddable":true,"href":"https:\/\/dlf.uzh.ch\/sites\/cultcomm\/wp-json\/wp\/v2\/tags?post=1681"}],"curies":[{"name":"wp","href":"https:\/\/api.w.org\/{rel}","templated":true}]}}