{"id":1673,"date":"2025-11-10T08:28:06","date_gmt":"2025-11-10T08:28:06","guid":{"rendered":"https:\/\/dlf.uzh.ch\/sites\/cultcomm\/?p=1673"},"modified":"2025-11-10T08:28:06","modified_gmt":"2025-11-10T08:28:06","slug":"episode-10-echange-avec-stephane-durand","status":"publish","type":"post","link":"https:\/\/dlf.uzh.ch\/sites\/cultcomm\/2025\/11\/10\/episode-10-echange-avec-stephane-durand\/","title":{"rendered":"\u00c9pisode 10\u00a0: \u00c9change avec St\u00e9phane Durand"},"content":{"rendered":"\n<iframe loading=\"lazy\" id=\"kmsembed-0_xf75ksav\" width=\"826\" height=\"285\" src=\"https:\/\/uzh.mediaspace.cast.switch.ch\/embed\/secure\/iframe\/entryId\/0_xf75ksav\/uiConfId\/23449175\/st\/0\" class=\"kmsembed\" allowfullscreen webkitallowfullscreen mozAllowFullScreen allow=\"autoplay *; fullscreen *; encrypted-media *\" referrerPolicy=\"no-referrer-when-downgrade\" sandbox=\"allow-downloads allow-forms allow-same-origin allow-scripts allow-top-navigation allow-pointer-lock allow-popups allow-modals allow-orientation-lock allow-popups-to-escape-sandbox allow-presentation allow-top-navigation-by-user-activation\" frameborder=\"0\" title=\"\u00c9pisode 10 : \u00c9change avec St\u00e9phane Durand\"><\/iframe>\n\n\n\n<p>Dans cet \u00e9pisode, nous accueillons St\u00e9phane Durand, directeur de la collection \u00ab\u00a0Mondes sauvages\u00a0\u00bb chez Actes Sud et \u00e9crivain de plusieurs livres racontant la nature. Biologiste de formation, St\u00e9phane Durand nous explique son parcours et sa volont\u00e9 de remettre la nature au centre de nos r\u00e9cits.<\/p>\n\n\n\n<p><\/p>\n\n\n\n<p>R\u00e9f\u00e9rences cit\u00e9es dans cet \u00e9pisode&nbsp;:<\/p>\n\n\n\n<p>Retrouvez les collections \u00ab&nbsp;Mondes sauvages&nbsp;\u00bb et \u00ab&nbsp;Voix de la Terre&nbsp;\u00bb sur le site d\u2019Actes sud&nbsp;:&nbsp;<a href=\"https:\/\/actes-sud.fr\/actualites-0\">https:\/\/actes-sud.fr\/actualites-0<\/a><\/p>\n\n\n\n<p>Amy Liptrot,&nbsp;<em>L\u2019\u00e9cart<\/em>, Globe, Paris, 2018.<\/p>\n\n\n\n<p>Bruce Albert et David Kopenawa,&nbsp;<em>Yanomami, l\u2019esprit de la for\u00eat<\/em>, Actes Sud&nbsp;: Voix de la Terre, Arles, 2022.<\/p>\n\n\n\n<p>C\u00e9line Curiol,&nbsp;<em>Invasive<\/em>, Actes Sud&nbsp;: Mondes sauvages, Arles, 2023.<\/p>\n\n\n\n<p>Fran\u00e7ois Sarano,&nbsp;<em>Le retour de Moby Dick<\/em>, Actes Sud&nbsp;: Mondes sauvages, Arles, 2017.<\/p>\n\n\n\n<p>Jacques P\u00e9rin, Le peuple migrateur (film), 2001.<\/p>\n\n\n\n<p>Olivier Remaud,&nbsp;<em>Quand les montagnes dansent<\/em>, Actes Sud&nbsp;: Mondes sauvages, Arles, 2023.<\/p>\n\n\n\n<p>Olivier Remaud,&nbsp;<em>Penser comme un icerberg<\/em>, Actes Sud&nbsp;: Mondes sauvages, Arles, 2020.<\/p>\n\n\n\n<p>St\u00e9phane Durand,&nbsp;<em>20&rsquo;000 ans ou la grande histoire de la nature<\/em>, Actes Sud&nbsp;: Mondes sauvages, Arles, 2018.<\/p>\n\n\n\n<p>Wilfried N\u2019sond\u00e9,&nbsp;<em>H\u00e9liosph\u00e9ra, fille des abysses<\/em>, Actes Sud&nbsp;: Mondes sauvages, Arles, 2022.<\/p>\n","protected":false},"excerpt":{"rendered":"<p>Dans cet \u00e9pisode, nous accueillons St\u00e9phane Durand, directeur de la collection \u00ab\u00a0Mondes sauvages\u00a0\u00bb chez Actes Sud et \u00e9crivain de plusieurs livres racontant la nature. Biologiste de formation, St\u00e9phane Durand nous explique son parcours et sa volont\u00e9 de remettre la nature au centre de nos r\u00e9cits. R\u00e9f\u00e9rences cit\u00e9es dans cet \u00e9pisode&nbsp;:<span class=\"more-link\"><a href=\"https:\/\/dlf.uzh.ch\/sites\/cultcomm\/2025\/11\/10\/episode-10-echange-avec-stephane-durand\/\">Lire plus<\/a><\/span><\/p>\n","protected":false},"author":803,"featured_media":1674,"comment_status":"open","ping_status":"open","sticky":false,"template":"","format":"standard","meta":{"_acf_changed":false,"footnotes":""},"categories":[35],"tags":[23,15],"class_list":["entry","author-arianedetesta","post-1673","post","type-post","status-publish","format-standard","has-post-thumbnail","category-podcast","tag-litterature","tag-podcast"],"acf":[],"_links":{"self":[{"href":"https:\/\/dlf.uzh.ch\/sites\/cultcomm\/wp-json\/wp\/v2\/posts\/1673","targetHints":{"allow":["GET"]}}],"collection":[{"href":"https:\/\/dlf.uzh.ch\/sites\/cultcomm\/wp-json\/wp\/v2\/posts"}],"about":[{"href":"https:\/\/dlf.uzh.ch\/sites\/cultcomm\/wp-json\/wp\/v2\/types\/post"}],"author":[{"embeddable":true,"href":"https:\/\/dlf.uzh.ch\/sites\/cultcomm\/wp-json\/wp\/v2\/users\/803"}],"replies":[{"embeddable":true,"href":"https:\/\/dlf.uzh.ch\/sites\/cultcomm\/wp-json\/wp\/v2\/comments?post=1673"}],"version-history":[{"count":1,"href":"https:\/\/dlf.uzh.ch\/sites\/cultcomm\/wp-json\/wp\/v2\/posts\/1673\/revisions"}],"predecessor-version":[{"id":1675,"href":"https:\/\/dlf.uzh.ch\/sites\/cultcomm\/wp-json\/wp\/v2\/posts\/1673\/revisions\/1675"}],"wp:featuredmedia":[{"embeddable":true,"href":"https:\/\/dlf.uzh.ch\/sites\/cultcomm\/wp-json\/wp\/v2\/media\/1674"}],"wp:attachment":[{"href":"https:\/\/dlf.uzh.ch\/sites\/cultcomm\/wp-json\/wp\/v2\/media?parent=1673"}],"wp:term":[{"taxonomy":"category","embeddable":true,"href":"https:\/\/dlf.uzh.ch\/sites\/cultcomm\/wp-json\/wp\/v2\/categories?post=1673"},{"taxonomy":"post_tag","embeddable":true,"href":"https:\/\/dlf.uzh.ch\/sites\/cultcomm\/wp-json\/wp\/v2\/tags?post=1673"}],"curies":[{"name":"wp","href":"https:\/\/api.w.org\/{rel}","templated":true}]}}