{"id":1662,"date":"2025-11-04T14:43:34","date_gmt":"2025-11-04T14:43:34","guid":{"rendered":"https:\/\/dlf.uzh.ch\/sites\/cultcomm\/?p=1662"},"modified":"2025-11-04T15:08:36","modified_gmt":"2025-11-04T15:08:36","slug":"lecture-performance-avec-anne-monteil-bauer","status":"publish","type":"post","link":"https:\/\/dlf.uzh.ch\/sites\/cultcomm\/2025\/11\/04\/lecture-performance-avec-anne-monteil-bauer\/","title":{"rendered":"Lecture-performance avec Anne Monteil-Bauer"},"content":{"rendered":"\n<figure class=\"wp-block-gallery has-nested-images columns-default is-cropped wp-block-gallery-1 is-layout-flex wp-block-gallery-is-layout-flex\">\n<figure class=\"wp-block-image size-large\"><img loading=\"lazy\" decoding=\"async\" width=\"768\" height=\"1024\" data-id=\"1666\" src=\"https:\/\/dlf.uzh.ch\/sites\/cultcomm\/files\/2025\/11\/IMG_8146_new-1-768x1024.jpg\" alt=\"\" class=\"wp-image-1666\" srcset=\"https:\/\/dlf.uzh.ch\/sites\/cultcomm\/files\/2025\/11\/IMG_8146_new-1-768x1024.jpg 768w, https:\/\/dlf.uzh.ch\/sites\/cultcomm\/files\/2025\/11\/IMG_8146_new-1-225x300.jpg 225w, https:\/\/dlf.uzh.ch\/sites\/cultcomm\/files\/2025\/11\/IMG_8146_new-1-1152x1536.jpg 1152w, https:\/\/dlf.uzh.ch\/sites\/cultcomm\/files\/2025\/11\/IMG_8146_new-1-1536x2048.jpg 1536w, https:\/\/dlf.uzh.ch\/sites\/cultcomm\/files\/2025\/11\/IMG_8146_new-1-413x550.jpg 413w, https:\/\/dlf.uzh.ch\/sites\/cultcomm\/files\/2025\/11\/IMG_8146_new-1-375x500.jpg 375w, https:\/\/dlf.uzh.ch\/sites\/cultcomm\/files\/2025\/11\/IMG_8146_new-1-scaled.jpg 1920w\" sizes=\"auto, (max-width: 768px) 100vw, 768px\" \/><\/figure>\n\n\n\n<figure class=\"wp-block-image size-large\"><img loading=\"lazy\" decoding=\"async\" width=\"768\" height=\"1024\" data-id=\"1670\" src=\"https:\/\/dlf.uzh.ch\/sites\/cultcomm\/files\/2025\/11\/IMG_8150-768x1024.jpg\" alt=\"\" class=\"wp-image-1670\" srcset=\"https:\/\/dlf.uzh.ch\/sites\/cultcomm\/files\/2025\/11\/IMG_8150-768x1024.jpg 768w, https:\/\/dlf.uzh.ch\/sites\/cultcomm\/files\/2025\/11\/IMG_8150-225x300.jpg 225w, https:\/\/dlf.uzh.ch\/sites\/cultcomm\/files\/2025\/11\/IMG_8150-1152x1536.jpg 1152w, https:\/\/dlf.uzh.ch\/sites\/cultcomm\/files\/2025\/11\/IMG_8150-1536x2048.jpg 1536w, https:\/\/dlf.uzh.ch\/sites\/cultcomm\/files\/2025\/11\/IMG_8150-413x550.jpg 413w, https:\/\/dlf.uzh.ch\/sites\/cultcomm\/files\/2025\/11\/IMG_8150-375x500.jpg 375w, https:\/\/dlf.uzh.ch\/sites\/cultcomm\/files\/2025\/11\/IMG_8150-scaled.jpg 1920w\" sizes=\"auto, (max-width: 768px) 100vw, 768px\" \/><\/figure>\n\n\n\n<figure class=\"wp-block-image size-large\"><img loading=\"lazy\" decoding=\"async\" width=\"768\" height=\"1024\" data-id=\"1667\" src=\"https:\/\/dlf.uzh.ch\/sites\/cultcomm\/files\/2025\/11\/IMG_8153-768x1024.jpg\" alt=\"\" class=\"wp-image-1667\" srcset=\"https:\/\/dlf.uzh.ch\/sites\/cultcomm\/files\/2025\/11\/IMG_8153-768x1024.jpg 768w, https:\/\/dlf.uzh.ch\/sites\/cultcomm\/files\/2025\/11\/IMG_8153-225x300.jpg 225w, https:\/\/dlf.uzh.ch\/sites\/cultcomm\/files\/2025\/11\/IMG_8153-1152x1536.jpg 1152w, https:\/\/dlf.uzh.ch\/sites\/cultcomm\/files\/2025\/11\/IMG_8153-1536x2048.jpg 1536w, https:\/\/dlf.uzh.ch\/sites\/cultcomm\/files\/2025\/11\/IMG_8153-413x550.jpg 413w, https:\/\/dlf.uzh.ch\/sites\/cultcomm\/files\/2025\/11\/IMG_8153-375x500.jpg 375w, https:\/\/dlf.uzh.ch\/sites\/cultcomm\/files\/2025\/11\/IMG_8153-scaled.jpg 1920w\" sizes=\"auto, (max-width: 768px) 100vw, 768px\" \/><\/figure>\n\n\n\n<figure class=\"wp-block-image size-large\"><img loading=\"lazy\" decoding=\"async\" width=\"768\" height=\"1024\" data-id=\"1668\" src=\"https:\/\/dlf.uzh.ch\/sites\/cultcomm\/files\/2025\/11\/IMG_8154-768x1024.jpg\" alt=\"\" class=\"wp-image-1668\" srcset=\"https:\/\/dlf.uzh.ch\/sites\/cultcomm\/files\/2025\/11\/IMG_8154-768x1024.jpg 768w, https:\/\/dlf.uzh.ch\/sites\/cultcomm\/files\/2025\/11\/IMG_8154-225x300.jpg 225w, https:\/\/dlf.uzh.ch\/sites\/cultcomm\/files\/2025\/11\/IMG_8154-1152x1536.jpg 1152w, https:\/\/dlf.uzh.ch\/sites\/cultcomm\/files\/2025\/11\/IMG_8154-1536x2048.jpg 1536w, https:\/\/dlf.uzh.ch\/sites\/cultcomm\/files\/2025\/11\/IMG_8154-413x550.jpg 413w, https:\/\/dlf.uzh.ch\/sites\/cultcomm\/files\/2025\/11\/IMG_8154-375x500.jpg 375w, https:\/\/dlf.uzh.ch\/sites\/cultcomm\/files\/2025\/11\/IMG_8154-scaled.jpg 1920w\" sizes=\"auto, (max-width: 768px) 100vw, 768px\" \/><\/figure>\n\n\n\n<figure class=\"wp-block-image size-large\"><img loading=\"lazy\" decoding=\"async\" width=\"768\" height=\"1024\" data-id=\"1669\" src=\"https:\/\/dlf.uzh.ch\/sites\/cultcomm\/files\/2025\/11\/IMG_8163-768x1024.jpg\" alt=\"\" class=\"wp-image-1669\" srcset=\"https:\/\/dlf.uzh.ch\/sites\/cultcomm\/files\/2025\/11\/IMG_8163-768x1024.jpg 768w, https:\/\/dlf.uzh.ch\/sites\/cultcomm\/files\/2025\/11\/IMG_8163-225x300.jpg 225w, https:\/\/dlf.uzh.ch\/sites\/cultcomm\/files\/2025\/11\/IMG_8163-1152x1536.jpg 1152w, https:\/\/dlf.uzh.ch\/sites\/cultcomm\/files\/2025\/11\/IMG_8163-1536x2048.jpg 1536w, https:\/\/dlf.uzh.ch\/sites\/cultcomm\/files\/2025\/11\/IMG_8163-413x550.jpg 413w, https:\/\/dlf.uzh.ch\/sites\/cultcomm\/files\/2025\/11\/IMG_8163-375x500.jpg 375w, https:\/\/dlf.uzh.ch\/sites\/cultcomm\/files\/2025\/11\/IMG_8163-scaled.jpg 1920w\" sizes=\"auto, (max-width: 768px) 100vw, 768px\" \/><\/figure>\n<\/figure>\n\n\n\n<p class=\"has-text-align-left\">Le 28 octobre, nous avons eu le plaisir d&rsquo;accueillir l&rsquo;actrice et autrice Anne Monteil-Bauer pour une lecture-performance organis\u00e9e dans le cadre du cours <em>\u00c9critures de la catastrophe : Micheline Maurel et Camille de Toledo<\/em>. Anne Monteil-Bauer a su cr\u00e9er un moment unique, plongeant le public dans un dialogue imaginaire avec l&rsquo;\u00e9crivaine r\u00e9sistante Micheline Maurel et dans la r\u00e9citation de ses po\u00e8mes extraits du recueil <em>La Passion selon Ravensbr\u00fcck<\/em>. La performance, accompagn\u00e9e d&rsquo;une installation rendant la d\u00e9port\u00e9e symboliquement pr\u00e9sente parmi nous, s&rsquo;est prolong\u00e9e par un \u00e9change nourri autour de la vie, des engagements et des convictions de Micheline Maurel, mais aussi sur la d\u00e9marche artistique d&rsquo;Anne Monteil-Bauer face \u00e0 la m\u00e9moire \u2013 intime et collective \u2013 de femmes hors normes et toutefois oubli\u00e9es de l&rsquo;Histoire.<\/p>\n","protected":false},"excerpt":{"rendered":"<p>Le 28 octobre, nous avons eu le plaisir d&rsquo;accueillir l&rsquo;actrice et autrice Anne Monteil-Bauer pour une lecture-performance organis\u00e9e dans le cadre du cours \u00c9critures de la catastrophe : Micheline Maurel et Camille de Toledo. Anne Monteil-Bauer a su cr\u00e9er un moment unique, plongeant le public dans un dialogue imaginaire avec<span class=\"more-link\"><a href=\"https:\/\/dlf.uzh.ch\/sites\/cultcomm\/2025\/11\/04\/lecture-performance-avec-anne-monteil-bauer\/\">Lire plus<\/a><\/span><\/p>\n","protected":false},"author":803,"featured_media":1670,"comment_status":"open","ping_status":"open","sticky":false,"template":"","format":"standard","meta":{"_acf_changed":false,"footnotes":""},"categories":[12],"tags":[17,23],"class_list":["entry","author-arianedetesta","post-1662","post","type-post","status-publish","format-standard","has-post-thumbnail","category-autre","tag-conferences","tag-litterature"],"acf":[],"_links":{"self":[{"href":"https:\/\/dlf.uzh.ch\/sites\/cultcomm\/wp-json\/wp\/v2\/posts\/1662","targetHints":{"allow":["GET"]}}],"collection":[{"href":"https:\/\/dlf.uzh.ch\/sites\/cultcomm\/wp-json\/wp\/v2\/posts"}],"about":[{"href":"https:\/\/dlf.uzh.ch\/sites\/cultcomm\/wp-json\/wp\/v2\/types\/post"}],"author":[{"embeddable":true,"href":"https:\/\/dlf.uzh.ch\/sites\/cultcomm\/wp-json\/wp\/v2\/users\/803"}],"replies":[{"embeddable":true,"href":"https:\/\/dlf.uzh.ch\/sites\/cultcomm\/wp-json\/wp\/v2\/comments?post=1662"}],"version-history":[{"count":2,"href":"https:\/\/dlf.uzh.ch\/sites\/cultcomm\/wp-json\/wp\/v2\/posts\/1662\/revisions"}],"predecessor-version":[{"id":1672,"href":"https:\/\/dlf.uzh.ch\/sites\/cultcomm\/wp-json\/wp\/v2\/posts\/1662\/revisions\/1672"}],"wp:featuredmedia":[{"embeddable":true,"href":"https:\/\/dlf.uzh.ch\/sites\/cultcomm\/wp-json\/wp\/v2\/media\/1670"}],"wp:attachment":[{"href":"https:\/\/dlf.uzh.ch\/sites\/cultcomm\/wp-json\/wp\/v2\/media?parent=1662"}],"wp:term":[{"taxonomy":"category","embeddable":true,"href":"https:\/\/dlf.uzh.ch\/sites\/cultcomm\/wp-json\/wp\/v2\/categories?post=1662"},{"taxonomy":"post_tag","embeddable":true,"href":"https:\/\/dlf.uzh.ch\/sites\/cultcomm\/wp-json\/wp\/v2\/tags?post=1662"}],"curies":[{"name":"wp","href":"https:\/\/api.w.org\/{rel}","templated":true}]}}