{"id":1659,"date":"2025-10-27T06:41:09","date_gmt":"2025-10-27T06:41:09","guid":{"rendered":"https:\/\/dlf.uzh.ch\/sites\/cultcomm\/?p=1659"},"modified":"2025-10-27T06:41:09","modified_gmt":"2025-10-27T06:41:09","slug":"episode-9-echange-les-fables-du-moineau-avec-salome-perret","status":"publish","type":"post","link":"https:\/\/dlf.uzh.ch\/sites\/cultcomm\/2025\/10\/27\/episode-9-echange-les-fables-du-moineau-avec-salome-perret\/","title":{"rendered":"\u00c9pisode 9 : \u00c9change &#8211; Les fables du moineau, avec Salom\u00e9 Perret"},"content":{"rendered":"\n<p><\/p>\n\n\n\n<iframe loading=\"lazy\" id=\"kmsembed-0_fgdfvtm2\" width=\"826\" height=\"285\" src=\"https:\/\/uzh.mediaspace.cast.switch.ch\/embed\/secure\/iframe\/entryId\/0_fgdfvtm2\/uiConfId\/23449175\/st\/0\" class=\"kmsembed\" allowfullscreen webkitallowfullscreen mozAllowFullScreen allow=\"autoplay *; fullscreen *; encrypted-media *\" referrerPolicy=\"no-referrer-when-downgrade\" sandbox=\"allow-downloads allow-forms allow-same-origin allow-scripts allow-top-navigation allow-pointer-lock allow-popups allow-modals allow-orientation-lock allow-popups-to-escape-sandbox allow-presentation allow-top-navigation-by-user-activation\" frameborder=\"0\" title=\"\u00c9pisode 9 : \u00c9change -  Les fables du moineau, avec Salom\u00e9 Perret\"><\/iframe>\n\n\n\n<p>Dans cet \u00e9pisode, Salom\u00e9 et moi discutons du roman <em>Les fables du moineau<\/em>, \u00e9crit par Sami Tchak. L\u2019auteur congolais aborde dans cette histoire des th\u00e9matiques universelles telles quel la mort, la m\u00e9moire, ainsi que le rapport au monde et aux autres esp\u00e8ces.<\/p>\n\n\n\n<p><\/p>\n\n\n\n<p>R\u00e9f\u00e9rences cit\u00e9es&nbsp;dans cet \u00e9pisode&nbsp;:&nbsp;<\/p>\n\n\n\n<p>Sami Tchak,&nbsp;<em>Les fables du moineau<\/em>, Gallimard, 2020.<\/p>\n\n\n\n<p>Donna Haraway.&nbsp;<em>Staying with the Trouble: Making Kin in the Chthulucene,&nbsp;<\/em>Durham and Duke University Press, London, 2016.<\/p>\n\n\n\n<p>Fabienne Raphoz,\u00a0<em>La saison des mousses<\/em>, Jos\u00e9 Corti : Biophilia, Paris, 2023.\u00a0<\/p>\n\n\n\n<p>Delia Owens, L\u00e0 o\u00f9 chantent les \u00e9crevisses,&nbsp;<em>L\u00e0 o\u00f9 chantent les \u00e9crevisses (<\/em>Traduit de l\u2019anglais par Marc Amfreville), Seuil, Paris, 2019.<\/p>\n\n\n\n<p>Site artistique de Salom\u00e9 Perret&nbsp;:&nbsp;<a href=\"https:\/\/salomeperret.ch\/?i=1\">https:\/\/salomeperret.ch\/?i=1<\/a><\/p>\n","protected":false},"excerpt":{"rendered":"<p>Dans cet \u00e9pisode, Salom\u00e9 et moi discutons du roman Les fables du moineau, \u00e9crit par Sami Tchak. L\u2019auteur congolais aborde dans cette histoire des th\u00e9matiques universelles telles quel la mort, la m\u00e9moire, ainsi que le rapport au monde et aux autres esp\u00e8ces. R\u00e9f\u00e9rences cit\u00e9es&nbsp;dans cet \u00e9pisode&nbsp;:&nbsp; Sami Tchak,&nbsp;Les fables du<span class=\"more-link\"><a href=\"https:\/\/dlf.uzh.ch\/sites\/cultcomm\/2025\/10\/27\/episode-9-echange-les-fables-du-moineau-avec-salome-perret\/\">Lire plus<\/a><\/span><\/p>\n","protected":false},"author":803,"featured_media":1660,"comment_status":"open","ping_status":"open","sticky":false,"template":"","format":"standard","meta":{"_acf_changed":false,"footnotes":""},"categories":[35],"tags":[23,15],"class_list":["entry","author-arianedetesta","post-1659","post","type-post","status-publish","format-standard","has-post-thumbnail","category-podcast","tag-litterature","tag-podcast"],"acf":[],"_links":{"self":[{"href":"https:\/\/dlf.uzh.ch\/sites\/cultcomm\/wp-json\/wp\/v2\/posts\/1659","targetHints":{"allow":["GET"]}}],"collection":[{"href":"https:\/\/dlf.uzh.ch\/sites\/cultcomm\/wp-json\/wp\/v2\/posts"}],"about":[{"href":"https:\/\/dlf.uzh.ch\/sites\/cultcomm\/wp-json\/wp\/v2\/types\/post"}],"author":[{"embeddable":true,"href":"https:\/\/dlf.uzh.ch\/sites\/cultcomm\/wp-json\/wp\/v2\/users\/803"}],"replies":[{"embeddable":true,"href":"https:\/\/dlf.uzh.ch\/sites\/cultcomm\/wp-json\/wp\/v2\/comments?post=1659"}],"version-history":[{"count":1,"href":"https:\/\/dlf.uzh.ch\/sites\/cultcomm\/wp-json\/wp\/v2\/posts\/1659\/revisions"}],"predecessor-version":[{"id":1661,"href":"https:\/\/dlf.uzh.ch\/sites\/cultcomm\/wp-json\/wp\/v2\/posts\/1659\/revisions\/1661"}],"wp:featuredmedia":[{"embeddable":true,"href":"https:\/\/dlf.uzh.ch\/sites\/cultcomm\/wp-json\/wp\/v2\/media\/1660"}],"wp:attachment":[{"href":"https:\/\/dlf.uzh.ch\/sites\/cultcomm\/wp-json\/wp\/v2\/media?parent=1659"}],"wp:term":[{"taxonomy":"category","embeddable":true,"href":"https:\/\/dlf.uzh.ch\/sites\/cultcomm\/wp-json\/wp\/v2\/categories?post=1659"},{"taxonomy":"post_tag","embeddable":true,"href":"https:\/\/dlf.uzh.ch\/sites\/cultcomm\/wp-json\/wp\/v2\/tags?post=1659"}],"curies":[{"name":"wp","href":"https:\/\/api.w.org\/{rel}","templated":true}]}}