{"id":1607,"date":"2025-07-30T19:23:57","date_gmt":"2025-07-30T19:23:57","guid":{"rendered":"https:\/\/dlf.uzh.ch\/sites\/cultcomm\/?p=1607"},"modified":"2025-07-31T16:49:13","modified_gmt":"2025-07-31T16:49:13","slug":"bien-sur-on-a-besoin-de-poesie","status":"publish","type":"post","link":"https:\/\/dlf.uzh.ch\/sites\/cultcomm\/2025\/07\/30\/bien-sur-on-a-besoin-de-poesie\/","title":{"rendered":"\u00ab Bien s\u00fbr, on a besoin de po\u00e9sie ! \u00bb"},"content":{"rendered":"\n<p>D\u00e9couvrez ici l&rsquo;entretien r\u00e9alis\u00e9 par trois participant\u00b7e\u00b7s du module\u00a0<em>Culture et Communication<\/em>\u00a0du semestre de printemps 2025 avec Jean d&rsquo;Am\u00e9rique, rappeur, po\u00e8te et dramaturge ha\u00eftien, en r\u00e9sidence d&rsquo;\u00e9criture \u00e0 Zurich en 2024\/2025. Et ne manquez pas le bonus\u00a0!<\/p>\n\n\n\n<iframe loading=\"lazy\" id=\"kmsembed-0_2tlslivy\" width=\"826\" height=\"465\" src=\"https:\/\/uzh.mediaspace.cast.switch.ch\/embed\/secure\/iframe\/entryId\/0_2tlslivy\/uiConfId\/23449004\/st\/0\" class=\"kmsembed\" allowfullscreen webkitallowfullscreen mozAllowFullScreen allow=\"autoplay *; fullscreen *; encrypted-media *\" referrerPolicy=\"no-referrer-when-downgrade\" sandbox=\"allow-downloads allow-forms allow-same-origin allow-scripts allow-top-navigation allow-pointer-lock allow-popups allow-modals allow-orientation-lock allow-popups-to-escape-sandbox allow-presentation allow-top-navigation-by-user-activation\" frameborder=\"0\" title=\"\u00ab Bien s\u00fbr, on a besoin de po\u00e9sie ! \u00bb\"><\/iframe>\n\n\n\n<p><\/p>\n\n\n\n<p><\/p>\n\n\n\n<p><\/p>\n","protected":false},"excerpt":{"rendered":"<p>D\u00e9couvrez ici l&rsquo;entretien r\u00e9alis\u00e9 par trois participant\u00b7e\u00b7s du module\u00a0Culture et Communication\u00a0du semestre de printemps 2025 avec Jean d&rsquo;Am\u00e9rique, rappeur, po\u00e8te et dramaturge ha\u00eftien, en r\u00e9sidence d&rsquo;\u00e9criture \u00e0 Zurich en 2024\/2025. Et ne manquez pas le bonus\u00a0!<span class=\"more-link\"><a href=\"https:\/\/dlf.uzh.ch\/sites\/cultcomm\/2025\/07\/30\/bien-sur-on-a-besoin-de-poesie\/\">Lire plus<\/a><\/span><\/p>\n","protected":false},"author":803,"featured_media":1618,"comment_status":"open","ping_status":"open","sticky":false,"template":"","format":"standard","meta":{"_acf_changed":false,"footnotes":""},"categories":[12],"tags":[40,43,41,44,45,39,19,14],"class_list":["entry","author-arianedetesta","post-1607","post","type-post","status-publish","format-standard","has-post-thumbnail","category-autre","tag-entretien","tag-haiti","tag-jean-damerique","tag-opera-poussiere","tag-poesie","tag-rap","tag-theatre","tag-video"],"acf":[],"_links":{"self":[{"href":"https:\/\/dlf.uzh.ch\/sites\/cultcomm\/wp-json\/wp\/v2\/posts\/1607","targetHints":{"allow":["GET"]}}],"collection":[{"href":"https:\/\/dlf.uzh.ch\/sites\/cultcomm\/wp-json\/wp\/v2\/posts"}],"about":[{"href":"https:\/\/dlf.uzh.ch\/sites\/cultcomm\/wp-json\/wp\/v2\/types\/post"}],"author":[{"embeddable":true,"href":"https:\/\/dlf.uzh.ch\/sites\/cultcomm\/wp-json\/wp\/v2\/users\/803"}],"replies":[{"embeddable":true,"href":"https:\/\/dlf.uzh.ch\/sites\/cultcomm\/wp-json\/wp\/v2\/comments?post=1607"}],"version-history":[{"count":5,"href":"https:\/\/dlf.uzh.ch\/sites\/cultcomm\/wp-json\/wp\/v2\/posts\/1607\/revisions"}],"predecessor-version":[{"id":1621,"href":"https:\/\/dlf.uzh.ch\/sites\/cultcomm\/wp-json\/wp\/v2\/posts\/1607\/revisions\/1621"}],"wp:featuredmedia":[{"embeddable":true,"href":"https:\/\/dlf.uzh.ch\/sites\/cultcomm\/wp-json\/wp\/v2\/media\/1618"}],"wp:attachment":[{"href":"https:\/\/dlf.uzh.ch\/sites\/cultcomm\/wp-json\/wp\/v2\/media?parent=1607"}],"wp:term":[{"taxonomy":"category","embeddable":true,"href":"https:\/\/dlf.uzh.ch\/sites\/cultcomm\/wp-json\/wp\/v2\/categories?post=1607"},{"taxonomy":"post_tag","embeddable":true,"href":"https:\/\/dlf.uzh.ch\/sites\/cultcomm\/wp-json\/wp\/v2\/tags?post=1607"}],"curies":[{"name":"wp","href":"https:\/\/api.w.org\/{rel}","templated":true}]}}