{"id":1597,"date":"2025-06-15T12:13:30","date_gmt":"2025-06-15T12:13:30","guid":{"rendered":"https:\/\/dlf.uzh.ch\/sites\/cultcomm\/?p=1597"},"modified":"2025-06-15T12:15:23","modified_gmt":"2025-06-15T12:15:23","slug":"episode-5-meta-2-ethique-de-lenvironnement-histoire-relations-et-compassion-narrative","status":"publish","type":"post","link":"https:\/\/dlf.uzh.ch\/sites\/cultcomm\/2025\/06\/15\/episode-5-meta-2-ethique-de-lenvironnement-histoire-relations-et-compassion-narrative\/","title":{"rendered":"\u00c9pisode 5\u00a0: M\u00e9ta 2 \u2013\u00a0\u00c9thique de l\u2019environnement\u00a0: histoire, relations et compassion narrative"},"content":{"rendered":"\n<iframe loading=\"lazy\" id=\"kmsembed-0_okrxos91\" width=\"826\" height=\"465\" src=\"https:\/\/uzh.mediaspace.cast.switch.ch\/embed\/secure\/iframe\/entryId\/0_okrxos91\/uiConfId\/23449004\/st\/0\" class=\"kmsembed\" allowfullscreen webkitallowfullscreen mozAllowFullScreen allow=\"autoplay *; fullscreen *; encrypted-media *\" referrerPolicy=\"no-referrer-when-downgrade\" sandbox=\"allow-downloads allow-forms allow-same-origin allow-scripts allow-top-navigation allow-pointer-lock allow-popups allow-modals allow-orientation-lock allow-popups-to-escape-sandbox allow-presentation allow-top-navigation-by-user-activation\" frameborder=\"0\" title=\"\u00c9pisode 5 : M\u00e9ta 2 \u2013 \u00c9thique de l\u2019environnement : histoire, relations et compassion narrative\"><\/iframe>\n\n\n\n<p>Cet \u00e9pisode de la formule \u00ab&nbsp;m\u00e9ta&nbsp;\u00bb pr\u00e9sente un historique de la discipline de l\u2019\u00e9thique environnementale ainsi qu\u2019une description de la th\u00e9orie des valeurs environnementales relationnelles \u2013 la th\u00e9orie dominante au sein des recherches acad\u00e9miques actuelles. L\u2019\u00e9pisode lie ensuite les concepts abord\u00e9s aux recherches d\u2019Erin James, une chercheuse en litt\u00e9rature anglaise \u00e9tudiant \u00e9galement les discours individuels \u00e9crits de mani\u00e8re empirique. Cet \u00e9pisode d\u00e9montre comment la recherche sur les narrations au sens large peut enrichir le discours philosophique environnemental en confirmant ses th\u00e9ories ou en les nuan\u00e7ant.<\/p>\n\n\n\n<p>R\u00e9f\u00e9rences cit\u00e9es dans cet \u00e9pisode&nbsp;:<\/p>\n\n\n\n<p>Balvanera, Patrica et al.,&nbsp;<em>Methodological Assessment Report on the Diverse Values and Valuation of Nature of the Intergovernmental Science-Policy Platform on Biodiversity and Ecosystem Services<\/em>, IPBES, 2022.<\/p>\n\n\n\n<p>Bentham, Jeremy, <em>An Introduction to the Principles of Morals and Legislation<\/em>, London : T. Payne, 1789.<\/p>\n\n\n\n<p>Chan Kai Ming Adam et al., <em>Why Protect Nature? Rethinking Values and the Environment<\/em>, Proceedings of the National Academy of Sciences, 113, pp. 1462\u20131465, 2016.<\/p>\n\n\n\n<p>Descartes, Ren\u00e9, <em>Discours de la m\u00e9thode de Ren\u00e9 Descartes<\/em>, Editions Flammarion, 1966 [1637].<\/p>\n\n\n\n<p>James, Erin et al., \u2018Unsettling Fire: Recognizing Narrative Compassion\u2019, Narrative, 32(3), pp. 225\u2013243, 2024.<\/p>\n\n\n\n<p>Leopold, Aldo,&nbsp;<em>A Sand County Almanac, and Sketches Here and There<\/em>, Oxford University Press, 1949.<\/p>\n\n\n\n<p>N\u00e6ss, Arne,&nbsp;<em>Ecology, Community and Lifestyle: Outline of an Ecosophy<\/em>, translated and revised by David Rothenberg, Cambridge University Press, 1989.<\/p>\n\n\n\n<p>Regan, Tom,&nbsp;<em>The Case for Animal Rights<\/em>. Berkeley, University of California Press, 1983.<\/p>\n\n\n\n<p>Rousseau, Jean-Jacques,&nbsp;<em>Discours sur l&rsquo;origine et les fondements de l&rsquo;in\u00e9galit\u00e9 parmi les hommes<\/em>, Amsterdam : Marc Michel Rey, 1755.<\/p>\n\n\n\n<p>Singer, Peter,\u00a0<em>Animal Liberation<\/em>, New York\u00a0: HarperCollins, 1975.<\/p>\n","protected":false},"excerpt":{"rendered":"<p>Cet \u00e9pisode de la formule \u00ab&nbsp;m\u00e9ta&nbsp;\u00bb pr\u00e9sente un historique de la discipline de l\u2019\u00e9thique environnementale ainsi qu\u2019une description de la th\u00e9orie des valeurs environnementales relationnelles \u2013 la th\u00e9orie dominante au sein des recherches acad\u00e9miques actuelles. L\u2019\u00e9pisode lie ensuite les concepts abord\u00e9s aux recherches d\u2019Erin James, une chercheuse en litt\u00e9rature anglaise<span class=\"more-link\"><a href=\"https:\/\/dlf.uzh.ch\/sites\/cultcomm\/2025\/06\/15\/episode-5-meta-2-ethique-de-lenvironnement-histoire-relations-et-compassion-narrative\/\">Lire plus<\/a><\/span><\/p>\n","protected":false},"author":803,"featured_media":1599,"comment_status":"open","ping_status":"open","sticky":false,"template":"","format":"standard","meta":{"_acf_changed":false,"footnotes":""},"categories":[35],"tags":[15],"class_list":["entry","author-arianedetesta","post-1597","post","type-post","status-publish","format-standard","has-post-thumbnail","category-podcast","tag-podcast"],"acf":[],"_links":{"self":[{"href":"https:\/\/dlf.uzh.ch\/sites\/cultcomm\/wp-json\/wp\/v2\/posts\/1597","targetHints":{"allow":["GET"]}}],"collection":[{"href":"https:\/\/dlf.uzh.ch\/sites\/cultcomm\/wp-json\/wp\/v2\/posts"}],"about":[{"href":"https:\/\/dlf.uzh.ch\/sites\/cultcomm\/wp-json\/wp\/v2\/types\/post"}],"author":[{"embeddable":true,"href":"https:\/\/dlf.uzh.ch\/sites\/cultcomm\/wp-json\/wp\/v2\/users\/803"}],"replies":[{"embeddable":true,"href":"https:\/\/dlf.uzh.ch\/sites\/cultcomm\/wp-json\/wp\/v2\/comments?post=1597"}],"version-history":[{"count":1,"href":"https:\/\/dlf.uzh.ch\/sites\/cultcomm\/wp-json\/wp\/v2\/posts\/1597\/revisions"}],"predecessor-version":[{"id":1598,"href":"https:\/\/dlf.uzh.ch\/sites\/cultcomm\/wp-json\/wp\/v2\/posts\/1597\/revisions\/1598"}],"wp:featuredmedia":[{"embeddable":true,"href":"https:\/\/dlf.uzh.ch\/sites\/cultcomm\/wp-json\/wp\/v2\/media\/1599"}],"wp:attachment":[{"href":"https:\/\/dlf.uzh.ch\/sites\/cultcomm\/wp-json\/wp\/v2\/media?parent=1597"}],"wp:term":[{"taxonomy":"category","embeddable":true,"href":"https:\/\/dlf.uzh.ch\/sites\/cultcomm\/wp-json\/wp\/v2\/categories?post=1597"},{"taxonomy":"post_tag","embeddable":true,"href":"https:\/\/dlf.uzh.ch\/sites\/cultcomm\/wp-json\/wp\/v2\/tags?post=1597"}],"curies":[{"name":"wp","href":"https:\/\/api.w.org\/{rel}","templated":true}]}}