{"id":1008,"date":"2023-03-29T12:48:02","date_gmt":"2023-03-29T12:48:02","guid":{"rendered":"https:\/\/dlf.uzh.ch\/sites\/devcc\/?p=1008"},"modified":"2025-08-02T06:31:16","modified_gmt":"2025-08-02T06:31:16","slug":"roman-poesie-theatre-les-genres-litteraires-hier-et-aujourdhui","status":"publish","type":"post","link":"https:\/\/dlf.uzh.ch\/sites\/cultcomm\/2023\/03\/29\/roman-poesie-theatre-les-genres-litteraires-hier-et-aujourdhui\/","title":{"rendered":"Roman \u2013 Po\u00e9sie \u2013 Th\u00e9\u00e2tre\u2026 les genres litt\u00e9raires hier et aujourd\u2019hui"},"content":{"rendered":"\n<p>Le cycle de conf\u00e9rences \u00ab\u00a0Roman-Po\u00e9sie-Th\u00e9\u00e2tre\u2026\u00a0\u00bb est organis\u00e9 par le d\u00e9partement de litt\u00e9rature fran\u00e7aise, une fois par mois pendant le semestre universitaire.<\/p>\n\n\n\n<p>Certain.e.s intervenant.e.s nous autorisent \u00e0 enregistrer leurs conf\u00e9rences et \u00e0 les mettre \u00e0 disposition du public.<\/p>\n\n\n\n<p><a href=\"https:\/\/www.rose.uzh.ch\/de\/forschung\/forschungamrose\/kongresse\/Genreslitt\u00e9raireshieretaujourd-hui.html\">En savoir plus<\/a><\/p>\n\n\n\n<hr class=\"wp-block-separator has-alpha-channel-opacity is-style-wide\"\/>\n\n\n\n<h2 class=\"wp-block-heading\">B\u00e9n\u00e9dicte Louvat &#8211; Imprimer le texte de th\u00e9\u00e2tre: la division en actes et en sc\u00e8nes<\/h2>\n\n\n\n<iframe loading=\"lazy\" id=\"kaltura_player\" src=\"https:\/\/api.cast.switch.ch\/p\/106\/sp\/10600\/embedIframeJs\/uiconf_id\/23448425\/partner_id\/106?iframeembed=true&#038;playerId=kaltura_player&#038;entry_id=0_nhshnfvr&#038;flashvars[streamerType]=auto&amp;flashvars[localizationCode]=de&amp;flashvars[leadWithHTML5]=true&amp;flashvars[sideBarContainer.plugin]=true&amp;flashvars[sideBarContainer.position]=left&amp;flashvars[sideBarContainer.clickToClose]=true&amp;flashvars[chapters.plugin]=true&amp;flashvars[chapters.layout]=vertical&amp;flashvars[chapters.thumbnailRotator]=false&amp;flashvars[streamSelector.plugin]=true&amp;flashvars[EmbedPlayer.SpinnerTarget]=videoHolder&amp;flashvars[dualScreen.plugin]=true&amp;flashvars[hotspots.plugin]=1&amp;flashvars[Kaltura.addCrossoriginToIframe]=true&amp;&#038;wid=0_gdb2omwq\" width=\"400\" height=\"285\" allowfullscreen webkitallowfullscreen mozAllowFullScreen allow=\"autoplay *; fullscreen *; encrypted-media *\" sandbox=\"allow-downloads allow-forms allow-same-origin allow-scripts allow-top-navigation allow-pointer-lock allow-popups allow-modals allow-orientation-lock allow-popups-to-escape-sandbox allow-presentation allow-top-navigation-by-user-activation\" frameborder=\"0\" title=\"Imprimer le texte de th\u00e9\u00e2tre\u2013 La division en actes et en sc\u00e8nes\"><\/iframe>\n\n\n\n<hr class=\"wp-block-separator has-alpha-channel-opacity is-style-wide\"\/>\n\n\n\n<h2 class=\"wp-block-heading\">Paolo Tortonese &#8211; Morales du Roman<\/h2>\n\n\n\n<iframe loading=\"lazy\" id=\"kaltura_player\" src=\"https:\/\/api.cast.switch.ch\/p\/106\/sp\/10600\/embedIframeJs\/uiconf_id\/23448425\/partner_id\/106?iframeembed=true&#038;playerId=kaltura_player&#038;entry_id=0_ga85jik3&#038;flashvars[streamerType]=auto&amp;flashvars[localizationCode]=de&amp;flashvars[leadWithHTML5]=true&amp;flashvars[sideBarContainer.plugin]=true&amp;flashvars[sideBarContainer.position]=left&amp;flashvars[sideBarContainer.clickToClose]=true&amp;flashvars[chapters.plugin]=true&amp;flashvars[chapters.layout]=vertical&amp;flashvars[chapters.thumbnailRotator]=false&amp;flashvars[streamSelector.plugin]=true&amp;flashvars[EmbedPlayer.SpinnerTarget]=videoHolder&amp;flashvars[dualScreen.plugin]=true&amp;flashvars[hotspots.plugin]=1&amp;flashvars[Kaltura.addCrossoriginToIframe]=true&amp;&#038;wid=0_itxd15iy\" width=\"400\" height=\"285\" allowfullscreen webkitallowfullscreen mozAllowFullScreen allow=\"autoplay *; fullscreen *; encrypted-media *\" sandbox=\"allow-downloads allow-forms allow-same-origin allow-scripts allow-top-navigation allow-pointer-lock allow-popups allow-modals allow-orientation-lock allow-popups-to-escape-sandbox allow-presentation allow-top-navigation-by-user-activation\" frameborder=\"0\" title=\"Morales du Roman\"><\/iframe>\n\n\n\n<hr class=\"wp-block-separator has-alpha-channel-opacity is-style-wide\"\/>\n\n\n\n<h2 class=\"wp-block-heading\">Dominique Massonnaud \u2013 La Com\u00e9die humaine, gen\u00e8se et enjeux d\u2019un processus de repr\u00e9sentation novateur<\/h2>\n\n\n\n<iframe loading=\"lazy\" id=\"kaltura_player\" src=\"https:\/\/api.cast.switch.ch\/p\/106\/sp\/10600\/embedIframeJs\/uiconf_id\/23448425\/partner_id\/106?iframeembed=true&amp;playerId=kaltura_player&amp;entry_id=0_khmfn8v5&amp;flashvars[streamerType]=auto&amp;flashvars[localizationCode]=de&amp;flashvars[leadWithHTML5]=true&amp;flashvars[sideBarContainer.plugin]=true&amp;flashvars[sideBarContainer.position]=left&amp;flashvars[sideBarContainer.clickToClose]=true&amp;flashvars[chapters.plugin]=true&amp;flashvars[chapters.layout]=vertical&amp;flashvars[chapters.thumbnailRotator]=false&amp;flashvars[streamSelector.plugin]=true&amp;flashvars[EmbedPlayer.SpinnerTarget]=videoHolder&amp;flashvars[dualScreen.plugin]=true&amp;flashvars[hotspots.plugin]=1&amp;flashvars[Kaltura.addCrossoriginToIframe]=true&amp;&amp;wid=0_8bc642xr\" allowfullscreen=\"\" webkitallowfullscreen=\"\" mozallowfullscreen=\"\" allow=\"autoplay *; fullscreen *; encrypted-media *\" sandbox=\"allow-downloads allow-forms allow-same-origin allow-scripts allow-top-navigation allow-pointer-lock allow-popups allow-modals allow-orientation-lock allow-popups-to-escape-sandbox allow-presentation allow-top-navigation-by-user-activation\" title=\"Dominique Massonnaud \u2013 La Com\u00e9die humaine, gen\u00e8se et enjeux d'un processus de repr\u00e9sentation novateur\" width=\"400\" height=\"285\" frameborder=\"0\"><\/iframe>\n\n\n\n<hr class=\"wp-block-separator has-alpha-channel-opacity is-style-wide\"\/>\n\n\n\n<h2 class=\"wp-block-heading\">Thomas Hunkeler \u2013 Mauvais genre? Les genres litt\u00e9raires \u00e0 l\u2019\u00e9preuve des avant-gardes<\/h2>\n\n\n\n<iframe loading=\"lazy\" id=\"kaltura_player\" src=\"https:\/\/api.cast.switch.ch\/p\/106\/sp\/10600\/embedIframeJs\/uiconf_id\/23448425\/partner_id\/106?iframeembed=true&amp;playerId=kaltura_player&amp;entry_id=0_m4iti79b&amp;flashvars[streamerType]=auto&amp;flashvars[localizationCode]=de&amp;flashvars[leadWithHTML5]=true&amp;flashvars[sideBarContainer.plugin]=true&amp;flashvars[sideBarContainer.position]=left&amp;flashvars[sideBarContainer.clickToClose]=true&amp;flashvars[chapters.plugin]=true&amp;flashvars[chapters.layout]=vertical&amp;flashvars[chapters.thumbnailRotator]=false&amp;flashvars[streamSelector.plugin]=true&amp;flashvars[EmbedPlayer.SpinnerTarget]=videoHolder&amp;flashvars[dualScreen.plugin]=true&amp;flashvars[hotspots.plugin]=1&amp;flashvars[Kaltura.addCrossoriginToIframe]=true&amp;&amp;wid=0_nx2915oc\" allowfullscreen=\"\" webkitallowfullscreen=\"\" mozallowfullscreen=\"\" allow=\"autoplay *; fullscreen *; encrypted-media *\" sandbox=\"allow-downloads allow-forms allow-same-origin allow-scripts allow-top-navigation allow-pointer-lock allow-popups allow-modals allow-orientation-lock allow-popups-to-escape-sandbox allow-presentation allow-top-navigation-by-user-activation\" title=\"Thomas Hunkeler \u2013 Mauvais genre? Les genres litt\u00e9raires \u00e0 l'\u00e9preuve des avant-gardes\" width=\"400\" height=\"285\" frameborder=\"0\"><\/iframe>\n\n\n\n<hr class=\"wp-block-separator has-alpha-channel-opacity is-style-wide\"\/>\n\n\n\n<h2 class=\"wp-block-heading\">Alexandre Gefen \u2013&nbsp;les genres litt\u00e9raires du contemporain: Une tentative de cartographie<\/h2>\n\n\n\n<iframe loading=\"lazy\" id=\"kaltura_player\" src=\"https:\/\/api.cast.switch.ch\/p\/106\/sp\/10600\/embedIframeJs\/uiconf_id\/23448425\/partner_id\/106?iframeembed=true&amp;playerId=kaltura_player&amp;entry_id=0_e3shhe4f&amp;flashvars[streamerType]=auto&amp;flashvars[localizationCode]=de&amp;flashvars[leadWithHTML5]=true&amp;flashvars[sideBarContainer.plugin]=true&amp;flashvars[sideBarContainer.position]=left&amp;flashvars[sideBarContainer.clickToClose]=true&amp;flashvars[chapters.plugin]=true&amp;flashvars[chapters.layout]=vertical&amp;flashvars[chapters.thumbnailRotator]=false&amp;flashvars[streamSelector.plugin]=true&amp;flashvars[EmbedPlayer.SpinnerTarget]=videoHolder&amp;flashvars[dualScreen.plugin]=true&amp;flashvars[hotspots.plugin]=1&amp;flashvars[Kaltura.addCrossoriginToIframe]=true&amp;&amp;wid=0_kw6lc4z7\" allowfullscreen=\"\" webkitallowfullscreen=\"\" mozallowfullscreen=\"\" allow=\"autoplay *; fullscreen *; encrypted-media *\" sandbox=\"allow-downloads allow-forms allow-same-origin allow-scripts allow-top-navigation allow-pointer-lock allow-popups allow-modals allow-orientation-lock allow-popups-to-escape-sandbox allow-presentation allow-top-navigation-by-user-activation\" title=\"Alexandre Gefen \u2013&nbsp;les genres litt\u00e9raires du contemporain: Une tentative de cartographie\" width=\"400\" height=\"285\" frameborder=\"0\"><\/iframe>\n","protected":false},"excerpt":{"rendered":"<p>Ce cycle de conf\u00e9rences est organis\u00e9 par le d\u00e9partement de litt\u00e9rature fran\u00e7aise, une fois par mois pendant le semestre universitaire.<span class=\"more-link\"><a href=\"https:\/\/dlf.uzh.ch\/sites\/cultcomm\/2023\/03\/29\/roman-poesie-theatre-les-genres-litteraires-hier-et-aujourdhui\/\">Lire plus<\/a><\/span><\/p>\n","protected":false},"author":581,"featured_media":825,"comment_status":"closed","ping_status":"closed","sticky":false,"template":"","format":"standard","meta":{"_acf_changed":false,"footnotes":""},"categories":[10],"tags":[14],"class_list":["entry","author-rofein","has-excerpt","post-1008","post","type-post","status-publish","format-standard","has-post-thumbnail","category-conferences","tag-video"],"acf":[],"_links":{"self":[{"href":"https:\/\/dlf.uzh.ch\/sites\/cultcomm\/wp-json\/wp\/v2\/posts\/1008","targetHints":{"allow":["GET"]}}],"collection":[{"href":"https:\/\/dlf.uzh.ch\/sites\/cultcomm\/wp-json\/wp\/v2\/posts"}],"about":[{"href":"https:\/\/dlf.uzh.ch\/sites\/cultcomm\/wp-json\/wp\/v2\/types\/post"}],"author":[{"embeddable":true,"href":"https:\/\/dlf.uzh.ch\/sites\/cultcomm\/wp-json\/wp\/v2\/users\/581"}],"replies":[{"embeddable":true,"href":"https:\/\/dlf.uzh.ch\/sites\/cultcomm\/wp-json\/wp\/v2\/comments?post=1008"}],"version-history":[{"count":7,"href":"https:\/\/dlf.uzh.ch\/sites\/cultcomm\/wp-json\/wp\/v2\/posts\/1008\/revisions"}],"predecessor-version":[{"id":1625,"href":"https:\/\/dlf.uzh.ch\/sites\/cultcomm\/wp-json\/wp\/v2\/posts\/1008\/revisions\/1625"}],"wp:featuredmedia":[{"embeddable":true,"href":"https:\/\/dlf.uzh.ch\/sites\/cultcomm\/wp-json\/wp\/v2\/media\/825"}],"wp:attachment":[{"href":"https:\/\/dlf.uzh.ch\/sites\/cultcomm\/wp-json\/wp\/v2\/media?parent=1008"}],"wp:term":[{"taxonomy":"category","embeddable":true,"href":"https:\/\/dlf.uzh.ch\/sites\/cultcomm\/wp-json\/wp\/v2\/categories?post=1008"},{"taxonomy":"post_tag","embeddable":true,"href":"https:\/\/dlf.uzh.ch\/sites\/cultcomm\/wp-json\/wp\/v2\/tags?post=1008"}],"curies":[{"name":"wp","href":"https:\/\/api.w.org\/{rel}","templated":true}]}}