{"id":565,"date":"2025-06-24T07:26:26","date_gmt":"2025-06-24T07:26:26","guid":{"rendered":"https:\/\/dlf.uzh.ch\/sites\/club-de-lectura\/?p=565"},"modified":"2025-11-26T12:16:20","modified_gmt":"2025-11-26T12:16:20","slug":"programa-de-lecturas-otono-2025","status":"publish","type":"post","link":"https:\/\/dlf.uzh.ch\/sites\/club-de-lectura\/programa-de-lecturas-otono-2025\/","title":{"rendered":"Programa de lecturas oto\u00f1o 2025"},"content":{"rendered":"\n<p>El club de lectura se desarrollar\u00e1 en el semestre de oto\u00f1o desde septiembre hasta diciembre de 2025. La modalidad de los encuentros ser\u00e1 presencial en el horario de <strong>18.30<\/strong> a <strong>20.00 hs<\/strong>.<\/p>\n\n\n\n<div class=\"wp-block-media-text is-stacked-on-mobile\"><figure class=\"wp-block-media-text__media\"><img loading=\"lazy\" decoding=\"async\" width=\"652\" height=\"1024\" src=\"https:\/\/dlf.uzh.ch\/sites\/club-de-lectura\/files\/2025\/06\/grafik-652x1024.png\" alt=\"\" class=\"wp-image-570 size-full\" srcset=\"https:\/\/dlf.uzh.ch\/sites\/club-de-lectura\/files\/2025\/06\/grafik-652x1024.png 652w, https:\/\/dlf.uzh.ch\/sites\/club-de-lectura\/files\/2025\/06\/grafik-191x300.png 191w, https:\/\/dlf.uzh.ch\/sites\/club-de-lectura\/files\/2025\/06\/grafik.png 764w\" sizes=\"auto, (max-width: 652px) 100vw, 652px\" \/><\/figure><div class=\"wp-block-media-text__content\">\n<p><strong>Martes 2 de septiembre<\/strong><\/p>\n\n\n\n<p><em>La llamada. Un retrato<\/em> (2024) de Leila Guerriero (Anagrama)<\/p>\n<\/div><\/div>\n\n\n\n<div class=\"wp-block-media-text is-stacked-on-mobile\"><figure class=\"wp-block-media-text__media\"><img loading=\"lazy\" decoding=\"async\" width=\"656\" height=\"1024\" src=\"https:\/\/dlf.uzh.ch\/sites\/club-de-lectura\/files\/2025\/06\/grafik-1-656x1024.png\" alt=\"\" class=\"wp-image-571 size-full\" srcset=\"https:\/\/dlf.uzh.ch\/sites\/club-de-lectura\/files\/2025\/06\/grafik-1-656x1024.png 656w, https:\/\/dlf.uzh.ch\/sites\/club-de-lectura\/files\/2025\/06\/grafik-1-192x300.png 192w, https:\/\/dlf.uzh.ch\/sites\/club-de-lectura\/files\/2025\/06\/grafik-1-768x1199.png 768w, https:\/\/dlf.uzh.ch\/sites\/club-de-lectura\/files\/2025\/06\/grafik-1-984x1536.png 984w, https:\/\/dlf.uzh.ch\/sites\/club-de-lectura\/files\/2025\/06\/grafik-1-1312x2048.png 1312w, https:\/\/dlf.uzh.ch\/sites\/club-de-lectura\/files\/2025\/06\/grafik-1-900x1405.png 900w, https:\/\/dlf.uzh.ch\/sites\/club-de-lectura\/files\/2025\/06\/grafik-1-1280x1998.png 1280w, https:\/\/dlf.uzh.ch\/sites\/club-de-lectura\/files\/2025\/06\/grafik-1-scaled.png 1640w\" sizes=\"auto, (max-width: 656px) 100vw, 656px\" \/><\/figure><div class=\"wp-block-media-text__content\">\n<p><strong>Martes 7 de octubre<\/strong><\/p>\n\n\n\n<p><em>Museo animal<\/em> (2017) de Carlos Fonseca (Anagrama)<\/p>\n<\/div><\/div>\n\n\n\n<div class=\"wp-block-media-text is-stacked-on-mobile\"><figure class=\"wp-block-media-text__media\"><img loading=\"lazy\" decoding=\"async\" width=\"652\" height=\"1024\" src=\"https:\/\/dlf.uzh.ch\/sites\/club-de-lectura\/files\/2025\/06\/grafik-2-652x1024.png\" alt=\"\" class=\"wp-image-572 size-full\" srcset=\"https:\/\/dlf.uzh.ch\/sites\/club-de-lectura\/files\/2025\/06\/grafik-2-652x1024.png 652w, https:\/\/dlf.uzh.ch\/sites\/club-de-lectura\/files\/2025\/06\/grafik-2-191x300.png 191w, https:\/\/dlf.uzh.ch\/sites\/club-de-lectura\/files\/2025\/06\/grafik-2-768x1206.png 768w, https:\/\/dlf.uzh.ch\/sites\/club-de-lectura\/files\/2025\/06\/grafik-2-978x1536.png 978w, https:\/\/dlf.uzh.ch\/sites\/club-de-lectura\/files\/2025\/06\/grafik-2-1304x2048.png 1304w, https:\/\/dlf.uzh.ch\/sites\/club-de-lectura\/files\/2025\/06\/grafik-2-900x1414.png 900w, https:\/\/dlf.uzh.ch\/sites\/club-de-lectura\/files\/2025\/06\/grafik-2-1280x2011.png 1280w, https:\/\/dlf.uzh.ch\/sites\/club-de-lectura\/files\/2025\/06\/grafik-2-scaled.png 1630w\" sizes=\"auto, (max-width: 652px) 100vw, 652px\" \/><\/figure><div class=\"wp-block-media-text__content\">\n<p><strong>Martes 4 de noviembre<\/strong><\/p>\n\n\n\n<p><em>Un pu\u00f1ado de flechas<\/em> (2024) de Mar\u00eda Gainza (Anagrama)<\/p>\n<\/div><\/div>\n\n\n\n<div class=\"wp-block-media-text is-stacked-on-mobile\"><figure class=\"wp-block-media-text__media\"><img loading=\"lazy\" decoding=\"async\" width=\"687\" height=\"819\" src=\"https:\/\/dlf.uzh.ch\/sites\/club-de-lectura\/files\/2025\/06\/grafik-4.png\" alt=\"\" class=\"wp-image-574 size-full\" srcset=\"https:\/\/dlf.uzh.ch\/sites\/club-de-lectura\/files\/2025\/06\/grafik-4.png 687w, https:\/\/dlf.uzh.ch\/sites\/club-de-lectura\/files\/2025\/06\/grafik-4-252x300.png 252w\" sizes=\"auto, (max-width: 687px) 100vw, 687px\" \/><\/figure><div class=\"wp-block-media-text__content\">\n<p><strong>Martes 2 de diciembre<\/strong><\/p>\n\n\n\n<p><em>La muerte y el meteoro<\/em> (2024) de Joca Reiners Terron (Las afueras)<\/p>\n<\/div><\/div>\n","protected":false},"excerpt":{"rendered":"<p>El club de lectura se desarrollar\u00e1 en el semestre de oto\u00f1o desde septiembre hasta diciembre de 2025. La modalidad de los encuentros ser\u00e1 presencial en el horario de 18.30 a 20.00 hs. Martes 2 de septiembre La llamada. Un retrato (2024) de Leila Guerriero (Anagrama) Martes 7 de octubre Museo animal (2017) de Carlos Fonseca [&hellip;]<\/p>\n","protected":false},"author":676,"featured_media":0,"comment_status":"closed","ping_status":"","sticky":false,"template":"","format":"standard","meta":{"footnotes":""},"categories":[1],"tags":[],"class_list":["post-565","post","type-post","status-publish","format-standard","hentry","category-uncategorized"],"_links":{"self":[{"href":"https:\/\/dlf.uzh.ch\/sites\/club-de-lectura\/wp-json\/wp\/v2\/posts\/565","targetHints":{"allow":["GET"]}}],"collection":[{"href":"https:\/\/dlf.uzh.ch\/sites\/club-de-lectura\/wp-json\/wp\/v2\/posts"}],"about":[{"href":"https:\/\/dlf.uzh.ch\/sites\/club-de-lectura\/wp-json\/wp\/v2\/types\/post"}],"author":[{"embeddable":true,"href":"https:\/\/dlf.uzh.ch\/sites\/club-de-lectura\/wp-json\/wp\/v2\/users\/676"}],"replies":[{"embeddable":true,"href":"https:\/\/dlf.uzh.ch\/sites\/club-de-lectura\/wp-json\/wp\/v2\/comments?post=565"}],"version-history":[{"count":4,"href":"https:\/\/dlf.uzh.ch\/sites\/club-de-lectura\/wp-json\/wp\/v2\/posts\/565\/revisions"}],"predecessor-version":[{"id":614,"href":"https:\/\/dlf.uzh.ch\/sites\/club-de-lectura\/wp-json\/wp\/v2\/posts\/565\/revisions\/614"}],"wp:attachment":[{"href":"https:\/\/dlf.uzh.ch\/sites\/club-de-lectura\/wp-json\/wp\/v2\/media?parent=565"}],"wp:term":[{"taxonomy":"category","embeddable":true,"href":"https:\/\/dlf.uzh.ch\/sites\/club-de-lectura\/wp-json\/wp\/v2\/categories?post=565"},{"taxonomy":"post_tag","embeddable":true,"href":"https:\/\/dlf.uzh.ch\/sites\/club-de-lectura\/wp-json\/wp\/v2\/tags?post=565"}],"curies":[{"name":"wp","href":"https:\/\/api.w.org\/{rel}","templated":true}]}}