{"id":361,"date":"2022-11-24T09:15:37","date_gmt":"2022-11-24T09:15:37","guid":{"rendered":"https:\/\/dlf.uzh.ch\/sites\/club-de-lectura\/?p=361"},"modified":"2025-11-26T12:13:55","modified_gmt":"2025-11-26T12:13:55","slug":"programa-de-lecturas-primavera-2023","status":"publish","type":"post","link":"https:\/\/dlf.uzh.ch\/sites\/club-de-lectura\/programa-de-lecturas-primavera-2023\/","title":{"rendered":"Programa de lecturas primavera 2023"},"content":{"rendered":"\n<p>El club de lectura se desarrollar\u00e1 en el semestre de primavera desde marzo hasta junio de 2023. La modalidad de los encuentros ser\u00e1 presencial en el horario de <strong>18.30<\/strong> a <strong>19.45 hs<\/strong>.<\/p>\n\n\n\n<div class=\"wp-block-media-text alignwide is-stacked-on-mobile\" style=\"grid-template-columns:30% auto\"><figure class=\"wp-block-media-text__media\"><img loading=\"lazy\" decoding=\"async\" width=\"593\" height=\"937\" src=\"https:\/\/dlf.uzh.ch\/sites\/club-de-lectura\/files\/2022\/12\/Alarco\u0301n.png\" alt=\"\" class=\"wp-image-384 size-full\" srcset=\"https:\/\/dlf.uzh.ch\/sites\/club-de-lectura\/files\/2022\/12\/Alarco\u0301n.png 593w, https:\/\/dlf.uzh.ch\/sites\/club-de-lectura\/files\/2022\/12\/Alarco\u0301n-190x300.png 190w\" sizes=\"auto, (max-width: 593px) 100vw, 593px\" \/><\/figure><div class=\"wp-block-media-text__content\">\n<h4 class=\"wp-block-heading\"><strong>Martes 7 de marzo<\/strong><\/h4>\n\n\n\n<p><em>El tercer para\u00edso<\/em> (2022) de Cristian Alarc\u00f3n (Alfaguara)<\/p>\n<\/div><\/div>\n\n\n\n<div class=\"wp-block-media-text alignwide is-stacked-on-mobile\" style=\"grid-template-columns:30% auto\"><figure class=\"wp-block-media-text__media\"><img loading=\"lazy\" decoding=\"async\" width=\"328\" height=\"499\" src=\"https:\/\/dlf.uzh.ch\/sites\/club-de-lectura\/files\/2022\/12\/Navarro.jpg\" alt=\"\" class=\"wp-image-386 size-full\" srcset=\"https:\/\/dlf.uzh.ch\/sites\/club-de-lectura\/files\/2022\/12\/Navarro.jpg 328w, https:\/\/dlf.uzh.ch\/sites\/club-de-lectura\/files\/2022\/12\/Navarro-197x300.jpg 197w\" sizes=\"auto, (max-width: 328px) 100vw, 328px\" \/><\/figure><div class=\"wp-block-media-text__content\">\n<h4 class=\"wp-block-heading\"><strong>Martes 4 de abril<\/strong><\/h4>\n\n\n\n<p><em>Ceniza en la boca<\/em> (2022) de Brenda Navarro (Sexto piso)<\/p>\n<\/div><\/div>\n\n\n\n<div class=\"wp-block-media-text alignwide is-stacked-on-mobile\" style=\"grid-template-columns:30% auto\"><figure class=\"wp-block-media-text__media\"><img loading=\"lazy\" decoding=\"async\" width=\"652\" height=\"1024\" src=\"https:\/\/dlf.uzh.ch\/sites\/club-de-lectura\/files\/2022\/12\/Busqued-652x1024.jpeg\" alt=\"\" class=\"wp-image-387 size-full\" srcset=\"https:\/\/dlf.uzh.ch\/sites\/club-de-lectura\/files\/2022\/12\/Busqued-652x1024.jpeg 652w, https:\/\/dlf.uzh.ch\/sites\/club-de-lectura\/files\/2022\/12\/Busqued-191x300.jpeg 191w, https:\/\/dlf.uzh.ch\/sites\/club-de-lectura\/files\/2022\/12\/Busqued-768x1207.jpeg 768w, https:\/\/dlf.uzh.ch\/sites\/club-de-lectura\/files\/2022\/12\/Busqued-977x1536.jpeg 977w, https:\/\/dlf.uzh.ch\/sites\/club-de-lectura\/files\/2022\/12\/Busqued-1303x2048.jpeg 1303w, https:\/\/dlf.uzh.ch\/sites\/club-de-lectura\/files\/2022\/12\/Busqued-900x1415.jpeg 900w, https:\/\/dlf.uzh.ch\/sites\/club-de-lectura\/files\/2022\/12\/Busqued-1280x2012.jpeg 1280w, https:\/\/dlf.uzh.ch\/sites\/club-de-lectura\/files\/2022\/12\/Busqued-scaled.jpeg 1629w\" sizes=\"auto, (max-width: 652px) 100vw, 652px\" \/><\/figure><div class=\"wp-block-media-text__content\">\n<h4 class=\"wp-block-heading\"><strong>Martes 9 de mayo<\/strong><\/h4>\n\n\n\n<p><em>Magnetizado<\/em> (2018) de Carlos Busqued (Anagrama)<\/p>\n<\/div><\/div>\n\n\n\n<div class=\"wp-block-media-text alignwide is-stacked-on-mobile\" style=\"grid-template-columns:30% auto\"><figure class=\"wp-block-media-text__media\"><img loading=\"lazy\" decoding=\"async\" width=\"360\" height=\"500\" src=\"https:\/\/dlf.uzh.ch\/sites\/club-de-lectura\/files\/2022\/12\/Yuszczuk.jpg\" alt=\"\" class=\"wp-image-388 size-full\" srcset=\"https:\/\/dlf.uzh.ch\/sites\/club-de-lectura\/files\/2022\/12\/Yuszczuk.jpg 360w, https:\/\/dlf.uzh.ch\/sites\/club-de-lectura\/files\/2022\/12\/Yuszczuk-216x300.jpg 216w\" sizes=\"auto, (max-width: 360px) 100vw, 360px\" \/><\/figure><div class=\"wp-block-media-text__content\">\n<h4 class=\"wp-block-heading\"><strong>Martes 6 de junio<\/strong><\/h4>\n\n\n\n<p><em>La sed<\/em> (2020) de Marina Yuszczuk (blatt e r\u00edos)<\/p>\n<\/div><\/div>\n\n\n\n<p><\/p>\n","protected":false},"excerpt":{"rendered":"<p>El club de lectura se desarrollar\u00e1 en el semestre de primavera desde marzo hasta junio de 2023. La modalidad de los encuentros ser\u00e1 presencial en el horario de 18.30 a 19.45 hs. Martes 7 de marzo El tercer para\u00edso (2022) de Cristian Alarc\u00f3n (Alfaguara) Martes 4 de abril Ceniza en la boca (2022) de Brenda [&hellip;]<\/p>\n","protected":false},"author":581,"featured_media":0,"comment_status":"closed","ping_status":"closed","sticky":false,"template":"","format":"standard","meta":{"footnotes":""},"categories":[1],"tags":[],"class_list":["post-361","post","type-post","status-publish","format-standard","hentry","category-uncategorized"],"_links":{"self":[{"href":"https:\/\/dlf.uzh.ch\/sites\/club-de-lectura\/wp-json\/wp\/v2\/posts\/361","targetHints":{"allow":["GET"]}}],"collection":[{"href":"https:\/\/dlf.uzh.ch\/sites\/club-de-lectura\/wp-json\/wp\/v2\/posts"}],"about":[{"href":"https:\/\/dlf.uzh.ch\/sites\/club-de-lectura\/wp-json\/wp\/v2\/types\/post"}],"author":[{"embeddable":true,"href":"https:\/\/dlf.uzh.ch\/sites\/club-de-lectura\/wp-json\/wp\/v2\/users\/581"}],"replies":[{"embeddable":true,"href":"https:\/\/dlf.uzh.ch\/sites\/club-de-lectura\/wp-json\/wp\/v2\/comments?post=361"}],"version-history":[{"count":10,"href":"https:\/\/dlf.uzh.ch\/sites\/club-de-lectura\/wp-json\/wp\/v2\/posts\/361\/revisions"}],"predecessor-version":[{"id":609,"href":"https:\/\/dlf.uzh.ch\/sites\/club-de-lectura\/wp-json\/wp\/v2\/posts\/361\/revisions\/609"}],"wp:attachment":[{"href":"https:\/\/dlf.uzh.ch\/sites\/club-de-lectura\/wp-json\/wp\/v2\/media?parent=361"}],"wp:term":[{"taxonomy":"category","embeddable":true,"href":"https:\/\/dlf.uzh.ch\/sites\/club-de-lectura\/wp-json\/wp\/v2\/categories?post=361"},{"taxonomy":"post_tag","embeddable":true,"href":"https:\/\/dlf.uzh.ch\/sites\/club-de-lectura\/wp-json\/wp\/v2\/tags?post=361"}],"curies":[{"name":"wp","href":"https:\/\/api.w.org\/{rel}","templated":true}]}}