{"id":344,"date":"2022-11-24T08:43:49","date_gmt":"2022-11-24T08:43:49","guid":{"rendered":"https:\/\/dlf.uzh.ch\/sites\/club-de-lectura\/?p=344"},"modified":"2025-11-26T12:13:23","modified_gmt":"2025-11-26T12:13:23","slug":"programa-de-lecturas-otono-2022","status":"publish","type":"post","link":"https:\/\/dlf.uzh.ch\/sites\/club-de-lectura\/programa-de-lecturas-otono-2022\/","title":{"rendered":"Programa de lecturas oto\u00f1o 2022"},"content":{"rendered":"<div class=\"wpb-content-wrapper\"><p>[vc_row][vc_column][vc_column_text]El club de lectura se desarrollar\u00e1 en el semestre de oto\u00f1o desde septiembre hasta diciembre de 2022. La modalidad de los encuentros ser\u00e1 presencial en el horario de <strong>18.30<\/strong> a <strong>19.45 hs<\/strong>.[\/vc_column_text][\/vc_column][\/vc_row]<\/p>\r\n\r\n<div class=\"wp-block-media-text alignwide is-stacked-on-mobile\" style=\"grid-template-columns: 33% auto\">\r\n<figure class=\"wp-block-media-text__media\"><img loading=\"lazy\" decoding=\"async\" width=\"495\" height=\"753\" class=\"wp-image-353 size-full\" src=\"https:\/\/dlf.uzh.ch\/sites\/club-de-lectura\/files\/2022\/11\/image1-30.jpeg\" alt=\"\" srcset=\"https:\/\/dlf.uzh.ch\/sites\/club-de-lectura\/files\/2022\/11\/image1-30.jpeg 495w, https:\/\/dlf.uzh.ch\/sites\/club-de-lectura\/files\/2022\/11\/image1-30-197x300.jpeg 197w\" sizes=\"auto, (max-width: 495px) 100vw, 495px\" \/><\/figure>\r\n<div class=\"wp-block-media-text__content\">\r\n<h4 class=\"wp-block-heading\"><strong>Martes 13 de septiembre<\/strong><\/h4>\r\n\r\n\r\n\r\n<p><br \/><em>Las malas<\/em> (2020) de Camila Sosa Villada (Tusquets)<\/p>\r\n<\/div>\r\n<\/div>\r\n\r\n\r\n\r\n<div class=\"wp-block-media-text alignwide is-stacked-on-mobile\" style=\"grid-template-columns: 33% auto\">\r\n<figure class=\"wp-block-media-text__media\"><img loading=\"lazy\" decoding=\"async\" width=\"397\" height=\"596\" class=\"wp-image-350 size-full\" src=\"https:\/\/dlf.uzh.ch\/sites\/club-de-lectura\/files\/2022\/11\/image2-32.png\" alt=\"\" srcset=\"https:\/\/dlf.uzh.ch\/sites\/club-de-lectura\/files\/2022\/11\/image2-32.png 397w, https:\/\/dlf.uzh.ch\/sites\/club-de-lectura\/files\/2022\/11\/image2-32-200x300.png 200w\" sizes=\"auto, (max-width: 397px) 100vw, 397px\" \/><\/figure>\r\n<div class=\"wp-block-media-text__content\">\r\n<h4 class=\"wp-block-heading\"><strong>Martes 11 de octubre<\/strong><\/h4>\r\n\r\n\r\n\r\n<p><br \/><em>Sofoco<\/em> (2020) de Laura Ortiz G\u00f3mez (Barrett)<\/p>\r\n<\/div>\r\n<\/div>\r\n\r\n\r\n\r\n<div class=\"wp-block-media-text alignwide is-stacked-on-mobile\" style=\"grid-template-columns: 33% auto\">\r\n<figure class=\"wp-block-media-text__media\"><img loading=\"lazy\" decoding=\"async\" width=\"495\" height=\"761\" class=\"wp-image-351 size-full\" src=\"https:\/\/dlf.uzh.ch\/sites\/club-de-lectura\/files\/2022\/11\/image3-34.jpeg\" alt=\"\" srcset=\"https:\/\/dlf.uzh.ch\/sites\/club-de-lectura\/files\/2022\/11\/image3-34.jpeg 495w, https:\/\/dlf.uzh.ch\/sites\/club-de-lectura\/files\/2022\/11\/image3-34-195x300.jpeg 195w\" sizes=\"auto, (max-width: 495px) 100vw, 495px\" \/><\/figure>\r\n<div class=\"wp-block-media-text__content\">\r\n<h4 class=\"wp-block-heading\"><strong>Lunes 7 de noviembre<\/strong><\/h4>\r\n\r\n\r\n\r\n<p><br \/><em>Una pareja fel\u00edz<\/em> (2022) de Mar G\u00f3mez Glez (Tres hermanas)<\/p>\r\n<\/div>\r\n<\/div>\r\n\r\n\r\n\r\n<div class=\"wp-block-media-text alignwide is-stacked-on-mobile\" style=\"grid-template-columns: 31% auto\">\r\n<figure class=\"wp-block-media-text__media\"><img loading=\"lazy\" decoding=\"async\" width=\"464\" height=\"714\" class=\"wp-image-352 size-full\" src=\"https:\/\/dlf.uzh.ch\/sites\/club-de-lectura\/files\/2022\/11\/image4-36.jpeg\" alt=\"\" srcset=\"https:\/\/dlf.uzh.ch\/sites\/club-de-lectura\/files\/2022\/11\/image4-36.jpeg 464w, https:\/\/dlf.uzh.ch\/sites\/club-de-lectura\/files\/2022\/11\/image4-36-195x300.jpeg 195w\" sizes=\"auto, (max-width: 464px) 100vw, 464px\" \/><\/figure>\r\n<div class=\"wp-block-media-text__content\">\r\n<h4 class=\"wp-block-heading\"><strong>Lunes 5 de diciembre<\/strong><\/h4>\r\n\r\n\r\n\r\n<p><br \/><em>Cauterio<\/em> (2022) de Luc\u00eda Lijtmaer (Anagrama)<\/p>\r\n<\/div>\r\n<\/div>\r\n<\/div>","protected":false},"excerpt":{"rendered":"<p>[vc_row][vc_column][vc_column_text]El club de lectura se desarrollar\u00e1 en el semestre de oto\u00f1o desde septiembre hasta diciembre de 2022. La modalidad de los encuentros ser\u00e1 presencial en el horario de 18.30 a 19.45 hs.[\/vc_column_text][\/vc_column][\/vc_row] Martes 13 de septiembre Las malas (2020) de Camila Sosa Villada (Tusquets) Martes 11 de octubre Sofoco (2020) de Laura Ortiz G\u00f3mez (Barrett) [&hellip;]<\/p>\n","protected":false},"author":581,"featured_media":0,"comment_status":"closed","ping_status":"closed","sticky":false,"template":"","format":"standard","meta":{"footnotes":""},"categories":[1],"tags":[],"class_list":["post-344","post","type-post","status-publish","format-standard","hentry","category-uncategorized"],"_links":{"self":[{"href":"https:\/\/dlf.uzh.ch\/sites\/club-de-lectura\/wp-json\/wp\/v2\/posts\/344","targetHints":{"allow":["GET"]}}],"collection":[{"href":"https:\/\/dlf.uzh.ch\/sites\/club-de-lectura\/wp-json\/wp\/v2\/posts"}],"about":[{"href":"https:\/\/dlf.uzh.ch\/sites\/club-de-lectura\/wp-json\/wp\/v2\/types\/post"}],"author":[{"embeddable":true,"href":"https:\/\/dlf.uzh.ch\/sites\/club-de-lectura\/wp-json\/wp\/v2\/users\/581"}],"replies":[{"embeddable":true,"href":"https:\/\/dlf.uzh.ch\/sites\/club-de-lectura\/wp-json\/wp\/v2\/comments?post=344"}],"version-history":[{"count":9,"href":"https:\/\/dlf.uzh.ch\/sites\/club-de-lectura\/wp-json\/wp\/v2\/posts\/344\/revisions"}],"predecessor-version":[{"id":608,"href":"https:\/\/dlf.uzh.ch\/sites\/club-de-lectura\/wp-json\/wp\/v2\/posts\/344\/revisions\/608"}],"wp:attachment":[{"href":"https:\/\/dlf.uzh.ch\/sites\/club-de-lectura\/wp-json\/wp\/v2\/media?parent=344"}],"wp:term":[{"taxonomy":"category","embeddable":true,"href":"https:\/\/dlf.uzh.ch\/sites\/club-de-lectura\/wp-json\/wp\/v2\/categories?post=344"},{"taxonomy":"post_tag","embeddable":true,"href":"https:\/\/dlf.uzh.ch\/sites\/club-de-lectura\/wp-json\/wp\/v2\/tags?post=344"}],"curies":[{"name":"wp","href":"https:\/\/api.w.org\/{rel}","templated":true}]}}