{"id":246,"date":"2022-03-11T09:40:55","date_gmt":"2022-03-11T09:40:55","guid":{"rendered":"https:\/\/dlf.uzh.ch\/sites\/club-de-lectura\/?p=246"},"modified":"2025-11-26T12:11:44","modified_gmt":"2025-11-26T12:11:44","slug":"programa-de-lecturas-primavera-2022","status":"publish","type":"post","link":"https:\/\/dlf.uzh.ch\/sites\/club-de-lectura\/programa-de-lecturas-primavera-2022\/","title":{"rendered":"Programa de lecturas primavera 2022"},"content":{"rendered":"\n<p>El club de lectura se desarrollar\u00e1 en el semestre de primavera desde marzo hasta junio de 2022. La modalidad de los encuentros ser\u00e1 presencial en el horario de <strong>18.30<\/strong> a <strong>19.45 hs.<\/strong><\/p>\n\n\n\n<div class=\"wp-block-media-text alignwide is-stacked-on-mobile\" style=\"grid-template-columns:30% auto\"><figure class=\"wp-block-media-text__media\"><img loading=\"lazy\" decoding=\"async\" width=\"176\" height=\"300\" src=\"https:\/\/dlf.uzh.ch\/sites\/club-de-lectura\/files\/2022\/02\/Almada-176x300.jpg\" alt=\"\" class=\"wp-image-222 size-medium\" srcset=\"https:\/\/dlf.uzh.ch\/sites\/club-de-lectura\/files\/2022\/02\/Almada-176x300.jpg 176w, https:\/\/dlf.uzh.ch\/sites\/club-de-lectura\/files\/2022\/02\/Almada.jpg 293w\" sizes=\"auto, (max-width: 176px) 100vw, 176px\" \/><\/figure><div class=\"wp-block-media-text__content\">\n<p class=\"has-large-font-size\"><strong><strong>Martes 8 de marzo<\/strong><\/strong><\/p>\n\n\n\n<p><em>No es un r\u00edo<\/em> (2021) de Selva Almada (Random House)<\/p>\n<\/div><\/div>\n\n\n\n<div class=\"wp-block-media-text alignwide is-stacked-on-mobile\" style=\"grid-template-columns:30% auto\"><figure class=\"wp-block-media-text__media\"><img loading=\"lazy\" decoding=\"async\" width=\"360\" height=\"568\" src=\"https:\/\/dlf.uzh.ch\/sites\/club-de-lectura\/files\/2022\/02\/Saldan\u0303a-Pari\u0301s.jpeg\" alt=\"\" class=\"wp-image-224 size-medium\" srcset=\"https:\/\/dlf.uzh.ch\/sites\/club-de-lectura\/files\/2022\/02\/Saldan\u0303a-Pari\u0301s.jpeg 360w, https:\/\/dlf.uzh.ch\/sites\/club-de-lectura\/files\/2022\/02\/Saldan\u0303a-Pari\u0301s-190x300.jpeg 190w\" sizes=\"auto, (max-width: 360px) 100vw, 360px\" \/><\/figure><div class=\"wp-block-media-text__content\">\n<p class=\"has-large-font-size\"><strong><strong><strong>Martes 12 de abril<\/strong><\/strong><\/strong><\/p>\n\n\n\n<p><em><em>El baile y el incendio<\/em><strong> <\/strong><\/em>(2021) de Daniel Salda\u00f1a Par\u00eds (Anagrama)<\/p>\n<\/div><\/div>\n\n\n\n<div class=\"wp-block-media-text alignwide is-stacked-on-mobile\" style=\"grid-template-columns:30% auto\"><figure class=\"wp-block-media-text__media\"><img loading=\"lazy\" decoding=\"async\" width=\"640\" height=\"1024\" src=\"https:\/\/dlf.uzh.ch\/sites\/club-de-lectura\/files\/2022\/03\/Katya-Adaui-640x1024.jpg\" alt=\"\" class=\"wp-image-298 size-medium\" srcset=\"https:\/\/dlf.uzh.ch\/sites\/club-de-lectura\/files\/2022\/03\/Katya-Adaui-640x1024.jpg 640w, https:\/\/dlf.uzh.ch\/sites\/club-de-lectura\/files\/2022\/03\/Katya-Adaui-188x300.jpg 188w, https:\/\/dlf.uzh.ch\/sites\/club-de-lectura\/files\/2022\/03\/Katya-Adaui-768x1229.jpg 768w, https:\/\/dlf.uzh.ch\/sites\/club-de-lectura\/files\/2022\/03\/Katya-Adaui-960x1536.jpg 960w, https:\/\/dlf.uzh.ch\/sites\/club-de-lectura\/files\/2022\/03\/Katya-Adaui-1280x2048.jpg 1280w, https:\/\/dlf.uzh.ch\/sites\/club-de-lectura\/files\/2022\/03\/Katya-Adaui-900x1440.jpg 900w, https:\/\/dlf.uzh.ch\/sites\/club-de-lectura\/files\/2022\/03\/Katya-Adaui-scaled.jpg 1600w\" sizes=\"auto, (max-width: 640px) 100vw, 640px\" \/><\/figure><div class=\"wp-block-media-text__content\">\n<p class=\"has-large-font-size\"><strong><strong><strong><strong>Martes 10 de mayo<\/strong><\/strong><\/strong><\/strong><\/p>\n\n\n\n<p><em><em>Geograf\u00eda de la oscuridad<\/em><\/em> (2021) de Katya Adaui (P\u00e1ginas de espuma)<\/p>\n<\/div><\/div>\n\n\n\n<div class=\"wp-block-media-text alignwide is-stacked-on-mobile\" style=\"grid-template-columns:30% auto\"><figure class=\"wp-block-media-text__media\"><img loading=\"lazy\" decoding=\"async\" width=\"652\" height=\"1024\" src=\"https:\/\/dlf.uzh.ch\/sites\/club-de-lectura\/files\/2022\/02\/Enriquez-652x1024.jpg\" alt=\"\" class=\"wp-image-223 size-medium\" srcset=\"https:\/\/dlf.uzh.ch\/sites\/club-de-lectura\/files\/2022\/02\/Enriquez-652x1024.jpg 652w, https:\/\/dlf.uzh.ch\/sites\/club-de-lectura\/files\/2022\/02\/Enriquez-191x300.jpg 191w, https:\/\/dlf.uzh.ch\/sites\/club-de-lectura\/files\/2022\/02\/Enriquez-768x1207.jpg 768w, https:\/\/dlf.uzh.ch\/sites\/club-de-lectura\/files\/2022\/02\/Enriquez-977x1536.jpg 977w, https:\/\/dlf.uzh.ch\/sites\/club-de-lectura\/files\/2022\/02\/Enriquez-1303x2048.jpg 1303w, https:\/\/dlf.uzh.ch\/sites\/club-de-lectura\/files\/2022\/02\/Enriquez-900x1414.jpg 900w, https:\/\/dlf.uzh.ch\/sites\/club-de-lectura\/files\/2022\/02\/Enriquez-1280x2012.jpg 1280w, https:\/\/dlf.uzh.ch\/sites\/club-de-lectura\/files\/2022\/02\/Enriquez.jpg 1629w\" sizes=\"auto, (max-width: 652px) 100vw, 652px\" \/><\/figure><div class=\"wp-block-media-text__content\">\n<p class=\"has-large-font-size\"><strong><strong><strong><strong><strong>Martes 7 de junio<\/strong><\/strong><\/strong><\/strong><\/strong><\/p>\n\n\n\n<p><em><em><em>Nuestra parte de noche<\/em><\/em><strong><strong><em> <\/em><\/strong><\/strong><\/em>(2019) de Mariana Enr\u00edquez (Anagrama)<\/p>\n<\/div><\/div>\n","protected":false},"excerpt":{"rendered":"<p>El club de lectura se desarrollar\u00e1 en el semestre de primavera desde marzo hasta junio de 2022. La modalidad de los encuentros ser\u00e1 presencial en el horario de 18.30 a 19.45 hs. Martes 8 de marzo No es un r\u00edo (2021) de Selva Almada (Random House) Martes 12 de abril El baile y el incendio [&hellip;]<\/p>\n","protected":false},"author":581,"featured_media":0,"comment_status":"closed","ping_status":"","sticky":false,"template":"","format":"standard","meta":{"footnotes":""},"categories":[1],"tags":[],"class_list":["post-246","post","type-post","status-publish","format-standard","hentry","category-uncategorized"],"_links":{"self":[{"href":"https:\/\/dlf.uzh.ch\/sites\/club-de-lectura\/wp-json\/wp\/v2\/posts\/246","targetHints":{"allow":["GET"]}}],"collection":[{"href":"https:\/\/dlf.uzh.ch\/sites\/club-de-lectura\/wp-json\/wp\/v2\/posts"}],"about":[{"href":"https:\/\/dlf.uzh.ch\/sites\/club-de-lectura\/wp-json\/wp\/v2\/types\/post"}],"author":[{"embeddable":true,"href":"https:\/\/dlf.uzh.ch\/sites\/club-de-lectura\/wp-json\/wp\/v2\/users\/581"}],"replies":[{"embeddable":true,"href":"https:\/\/dlf.uzh.ch\/sites\/club-de-lectura\/wp-json\/wp\/v2\/comments?post=246"}],"version-history":[{"count":6,"href":"https:\/\/dlf.uzh.ch\/sites\/club-de-lectura\/wp-json\/wp\/v2\/posts\/246\/revisions"}],"predecessor-version":[{"id":607,"href":"https:\/\/dlf.uzh.ch\/sites\/club-de-lectura\/wp-json\/wp\/v2\/posts\/246\/revisions\/607"}],"wp:attachment":[{"href":"https:\/\/dlf.uzh.ch\/sites\/club-de-lectura\/wp-json\/wp\/v2\/media?parent=246"}],"wp:term":[{"taxonomy":"category","embeddable":true,"href":"https:\/\/dlf.uzh.ch\/sites\/club-de-lectura\/wp-json\/wp\/v2\/categories?post=246"},{"taxonomy":"post_tag","embeddable":true,"href":"https:\/\/dlf.uzh.ch\/sites\/club-de-lectura\/wp-json\/wp\/v2\/tags?post=246"}],"curies":[{"name":"wp","href":"https:\/\/api.w.org\/{rel}","templated":true}]}}