{"id":205,"date":"2022-02-15T10:31:24","date_gmt":"2022-02-15T10:31:24","guid":{"rendered":"https:\/\/dlf.uzh.ch\/sites\/club-de-lectura\/?p=205"},"modified":"2022-02-15T10:34:30","modified_gmt":"2022-02-15T10:34:30","slug":"estimadxs-colegxs-amigxs-e-interesadxs-en-la-cultura-latinoamericana","status":"publish","type":"post","link":"https:\/\/dlf.uzh.ch\/sites\/club-de-lectura\/estimadxs-colegxs-amigxs-e-interesadxs-en-la-cultura-latinoamericana\/","title":{"rendered":"Estimadxs colegxs, amigxs, e interesadxs en la cultura latinoamericana,"},"content":{"rendered":"\n<p style=\"font-size:20px\">Nos alegra darles una muy buena noticia&#8230; Gracias al apoyo de la Universidad de Z\u00farich (UZH) y el Centro Latinoamericano de Z\u00farich (LZZ), tenemos el agrado de informarles que el <strong>Club de lectura de literatura latinoamericana<\/strong> continuar\u00e1 en <strong>marzo<\/strong> de <strong>2022<\/strong>.<\/p>\n\n\n\n<p style=\"font-size:20px\">Como muchos de ustedes ya saben, este proyecto surgi\u00f3 en 2021 a partir de nuestro inter\u00e9s en difundir lo m\u00e1s reciente de la literatura latinoamericana, y con el objetivo de generar un espacio de encuentro donde intercambiar nuestras distintas experiencias de lectura.<\/p>\n\n\n\n<p style=\"font-size:20px\">Si les interesa acercarse a la cultura latinoamericana a partir de su producci\u00f3n literaria, conversar con otrxs sobre una diversidad de temas (re)presentados en novelas y cuentos, o mismo practicar el espa\u00f1ol, lxs motivamos a formar parte del club \ud83d\ude09<\/p>\n\n\n\n<p style=\"font-size:20px\">Los encuentros tendr\u00e1n lugar una vez al mes en el <strong>Raum68<\/strong> de la libreria\/caf\u00e9 <strong><a target=\"_blank\" rel=\"noreferrer noopener\" href=\"https:\/\/spheres.cc\/\">Sph\u00e8res<\/a><\/strong> (Hardturmstr. 66, 8005 Z\u00fcrich), a las <strong>18:30 hs<\/strong>.<\/p>\n\n\n\n<p style=\"font-size:20px\">El programa de lecturas que proponemos leer previamente a cada reuni\u00f3n ser\u00e1 el siguiente:<\/p>\n\n\n\n<p style=\"font-size:20px\"><strong>Martes 8 de marzo<\/strong>: <em><a target=\"_blank\" rel=\"noreferrer noopener\" href=\"https:\/\/www.penguinlibros.com\/es\/literatura-contemporanea\/37238-libro-no-es-un-rio-mapa-de-las-lenguas-9788439738909#\">No es un r\u00edo<\/a> <\/em>(2021) de Selva Almada (Random House)<\/p>\n\n\n\n<p style=\"font-size:20px\"><strong>Martes 12 de abril<\/strong>: <em><a target=\"_blank\" rel=\"noreferrer noopener\" href=\"https:\/\/www.anagrama-ed.es\/libro\/narrativas-hispanicas\/el-baile-y-el-incendio\/9788433999368\/NH_685\">El baile y el incendio<\/a> <\/em>(2021) de Daniel Salda\u00f1a Par\u00eds (Anagrama)<\/p>\n\n\n\n<p style=\"font-size:20px\"><strong>Martes 9 de mayo<\/strong>: a confirmar<\/p>\n\n\n\n<p style=\"font-size:20px\"><strong>Martes 7 de junio<\/strong>: <em><a rel=\"noreferrer noopener\" href=\"https:\/\/www.anagrama-ed.es\/libro\/narrativas-hispanicas\/premio-herralde-de-novela\/9788433998859\/NH_636\" target=\"_blank\">Nuestra parte de noche<\/a><\/em> (2019) de Mariana Enr\u00edquez (Anagrama)<\/p>\n\n\n\n<p style=\"font-size:20px\">Quienes deseen confirmar su asistencia, pueden escribirnos a: <strong><a href=\"mailto:clubdelectura@rom.uzh.ch\" target=\"_blank\" rel=\"noreferrer noopener\">clubdelectura@rom.uzh.ch<\/a><\/strong><strong><a href=\"mailto:clubdelectura@rom.uzh.ch\" target=\"_blank\" rel=\"noreferrer noopener\"><\/a><\/strong><\/p>\n\n\n\n<p style=\"font-size:20px\">\u00a1Lxs esperamos en marzo!<\/p>\n\n\n\n<p style=\"font-size:20px\">Abrazos,<\/p>\n\n\n\n<p style=\"font-size:20px\">Virginia Le\u00f3n Torrez y Francisco Aguirre<\/p>\n","protected":false},"excerpt":{"rendered":"<p>Nos alegra darles una muy buena noticia&#8230; Gracias al apoyo de la Universidad de Z\u00farich (UZH) y el Centro Latinoamericano de Z\u00farich (LZZ), tenemos el agrado de informarles que el Club de lectura de literatura latinoamericana continuar\u00e1 en marzo de 2022. Como muchos de ustedes ya saben, este proyecto surgi\u00f3 en 2021 a partir de [&hellip;]<\/p>\n","protected":false},"author":676,"featured_media":0,"comment_status":"closed","ping_status":"","sticky":false,"template":"","format":"standard","meta":{"footnotes":""},"categories":[1],"tags":[],"class_list":["post-205","post","type-post","status-publish","format-standard","hentry","category-uncategorized"],"_links":{"self":[{"href":"https:\/\/dlf.uzh.ch\/sites\/club-de-lectura\/wp-json\/wp\/v2\/posts\/205","targetHints":{"allow":["GET"]}}],"collection":[{"href":"https:\/\/dlf.uzh.ch\/sites\/club-de-lectura\/wp-json\/wp\/v2\/posts"}],"about":[{"href":"https:\/\/dlf.uzh.ch\/sites\/club-de-lectura\/wp-json\/wp\/v2\/types\/post"}],"author":[{"embeddable":true,"href":"https:\/\/dlf.uzh.ch\/sites\/club-de-lectura\/wp-json\/wp\/v2\/users\/676"}],"replies":[{"embeddable":true,"href":"https:\/\/dlf.uzh.ch\/sites\/club-de-lectura\/wp-json\/wp\/v2\/comments?post=205"}],"version-history":[{"count":3,"href":"https:\/\/dlf.uzh.ch\/sites\/club-de-lectura\/wp-json\/wp\/v2\/posts\/205\/revisions"}],"predecessor-version":[{"id":211,"href":"https:\/\/dlf.uzh.ch\/sites\/club-de-lectura\/wp-json\/wp\/v2\/posts\/205\/revisions\/211"}],"wp:attachment":[{"href":"https:\/\/dlf.uzh.ch\/sites\/club-de-lectura\/wp-json\/wp\/v2\/media?parent=205"}],"wp:term":[{"taxonomy":"category","embeddable":true,"href":"https:\/\/dlf.uzh.ch\/sites\/club-de-lectura\/wp-json\/wp\/v2\/categories?post=205"},{"taxonomy":"post_tag","embeddable":true,"href":"https:\/\/dlf.uzh.ch\/sites\/club-de-lectura\/wp-json\/wp\/v2\/tags?post=205"}],"curies":[{"name":"wp","href":"https:\/\/api.w.org\/{rel}","templated":true}]}}